{"id":824,"date":"2020-03-06T18:49:14","date_gmt":"2020-03-06T17:49:14","guid":{"rendered":"https:\/\/www.erneuerung.de\/wuerzburg\/?p=824"},"modified":"2020-03-11T18:36:03","modified_gmt":"2020-03-11T17:36:03","slug":"dioezesantag-taufe-in-heiligen-geist","status":"publish","type":"post","link":"https:\/\/www.erneuerung.de\/wuerzburg\/2020\/03\/06\/dioezesantag-taufe-in-heiligen-geist\/","title":{"rendered":"Di\u00f6zesantag: &#8222;Taufe im Heiligen Geist&#8220;"},"content":{"rendered":"<figure id=\"attachment_883\" aria-describedby=\"caption-attachment-883\" style=\"width: 450px\" class=\"wp-caption alignright\"><img class=\"wp-image-883\" src=\"https:\/\/www.erneuerung.de\/wuerzburg\/wp-content\/uploads\/sites\/28\/2020\/03\/IMGP0556.1-1024x678.jpg\" alt=\"\" width=\"450\" height=\"298\" srcset=\"https:\/\/www.erneuerung.de\/wuerzburg\/wp-content\/uploads\/sites\/28\/2020\/03\/IMGP0556.1-1024x678.jpg 1024w, https:\/\/www.erneuerung.de\/wuerzburg\/wp-content\/uploads\/sites\/28\/2020\/03\/IMGP0556.1-300x199.jpg 300w, https:\/\/www.erneuerung.de\/wuerzburg\/wp-content\/uploads\/sites\/28\/2020\/03\/IMGP0556.1-768x509.jpg 768w, https:\/\/www.erneuerung.de\/wuerzburg\/wp-content\/uploads\/sites\/28\/2020\/03\/IMGP0556.1-1536x1017.jpg 1536w, https:\/\/www.erneuerung.de\/wuerzburg\/wp-content\/uploads\/sites\/28\/2020\/03\/IMGP0556.1-600x397.jpg 600w, https:\/\/www.erneuerung.de\/wuerzburg\/wp-content\/uploads\/sites\/28\/2020\/03\/IMGP0556.1.jpg 1783w\" sizes=\"(max-width: 450px) 100vw, 450px\" \/><figcaption id=\"caption-attachment-883\" class=\"wp-caption-text\">Jedidja Lobpreisband<\/figcaption><\/figure>\n<p>Der Di\u00f6zesantag am 16. November 2019 in Gambach begann mit der Feier der Hl. Messe, zelebriert von Pfr. Solomon aus Wasserlosen und musikalisch gestaltet von der \u201eJedidja\u201c Lobpreisband. In dieser Hl. Messe konnten alle die Anwesenheit des Heiligen Geistes sp\u00fcren. Manfred Aulbach gab in der Predigt Zeugnis dar\u00fcber wie er pers\u00f6nlich die \u201eTaufe im Hl. Geist\u201c erlebte.<\/p>\n<p>In seinem Vortrag ging Karl Fischer zun\u00e4chst auf die Geschichte der \u201eErneuerung im Hl. Geist\u201c ein, erg\u00e4nzt durch \u00a0Teile der Ansprache von\u00a0 P. Dr. Raniero Cantalamessa, anl\u00e4sslich\u00a0 der Gr\u00fcndung von \u201eCHARIS\u201c in Rom.<\/p>\n<p>Die \u201eTaufe im Hl. Geist\u201c wird in der Bibel u.a. bei Mt 3,11 erw\u00e4hnt, wo Johannes \u00fcber die Taufe mit Feuer spricht oder in der Apg 2, 37-38 \u2026 \u201eihr werdet die Gabe des Hl. Geistes empfangen\u201c. Und Jesus sagte: \u201eIhr werdet Kraft empfangen, wenn der Hl. Geist auf euch herabkommen wird und ihr werdet meine Zeugen sein\u201c \u2026\u00a0 Die Taufe im Hl. Geist ist f\u00fcr <u>Alle<\/u>, denn beim Pfingstereignis lt. Apg 2,1-4 \u201elie\u00df sich der Hl. Geist auf jeden von ihnen nieder. Und in Apg 2,37-38 lesen wir wie es sie \u201emitten ins Herz\u201c traf und sie durch Umkehr und die Taufe auf Jesu Namen dann die Gabe des Hl. Geistes empfingen. Bekehrung, Taufe, Geistempfang geh\u00f6ren zusammen.<\/p>\n<p><img class=\"alignright wp-image-882\" src=\"https:\/\/www.erneuerung.de\/wuerzburg\/wp-content\/uploads\/sites\/28\/2020\/03\/IMGP0563.1-1024x678.jpg\" alt=\"\" width=\"450\" height=\"298\" srcset=\"https:\/\/www.erneuerung.de\/wuerzburg\/wp-content\/uploads\/sites\/28\/2020\/03\/IMGP0563.1-1024x678.jpg 1024w, https:\/\/www.erneuerung.de\/wuerzburg\/wp-content\/uploads\/sites\/28\/2020\/03\/IMGP0563.1-300x199.jpg 300w, https:\/\/www.erneuerung.de\/wuerzburg\/wp-content\/uploads\/sites\/28\/2020\/03\/IMGP0563.1-768x508.jpg 768w, https:\/\/www.erneuerung.de\/wuerzburg\/wp-content\/uploads\/sites\/28\/2020\/03\/IMGP0563.1-1536x1017.jpg 1536w, https:\/\/www.erneuerung.de\/wuerzburg\/wp-content\/uploads\/sites\/28\/2020\/03\/IMGP0563.1-600x397.jpg 600w, https:\/\/www.erneuerung.de\/wuerzburg\/wp-content\/uploads\/sites\/28\/2020\/03\/IMGP0563.1.jpg 1941w\" sizes=\"(max-width: 450px) 100vw, 450px\" \/><\/p>\n<p>In erster Linie wird die Geisttaufe auf zweierlei Weise beschrieben: als Aktualisierung der Tauf- und Firmgnade und als neue Sendung des Geistes. Sie wird h\u00e4ufig als \u201eLebendig-Werden\u201c, \u201eErneuerung\u201c oder \u201eFreisetzung\u201c der Gnade der Sakramente Taufe und Firmung beschrieben. Diese Formulierungen erkennen an, dass die \u201eTaufe im Hl. Geist\u201c heute normalerweise eine Erfahrung bezeichnet, die sp\u00e4ter auf die Initiationssakramente folgt. In der fr\u00fchen Kirche\u00a0 bezogen sich die normalen Auswirkungen wie intime Gemeinschaft mit dem dreifaltigen Gott, ein verwandeltes Leben in Gebet und Lobpreis sowie Eifer, das Evangelium weiter zu geben (oft begleitet von den Charismen) auf eine erfahrbare Realit\u00e4t. Heute ist es, bedingt durch die Norm der Kindertaufe n\u00f6tig, gute Katechese und Unterweisung zu geben um einen lebendigen Glauben zu entwickeln und sich pers\u00f6nlich das neue Leben zu eigen zu machen, das empfangen wurde.<\/p>\n<p>Wohin will die Taufe im Heiligen Geist f\u00fchren und was bewirkt oder ver\u00e4ndert sie im Menschen?<\/p>\n<ol>\n<li>Mit der Liebe Gottes erf\u00fcllt werden<\/li>\n<\/ol>\n<p>Eine der auff\u00e4lligsten Fr\u00fcchte ist eine neue Erfahrung der Liebe Gottes. Die Teilnehmer an den Dusquesne-Exerzitien 1967 in Pittsburgh (Beginn der Charismatischen Erneuerung in der kath. Kirche) berichteten, dass es einen Moment gab, in dem sie f\u00fcrchteten, \u201edie \u00fcberm\u00e4\u00dfige Liebe Gottes die sie erlebten nicht ertragen zu k\u00f6nnten,\u201c. \u201eEs war\u201c, sagten sie, \u201eals w\u00e4re der Gott des Sinai in den Raum gekommen und h\u00e4tte ihn und auch uns v\u00f6llig erf\u00fcllt\u201c.<\/p>\n<ol start=\"2\">\n<li>Ein Leben nach dem Gesetz des Geistes<\/li>\n<\/ol>\n<p>Dieses neue Gesetz wirkt durch Liebe, &#8211; es ist das, was Jesus \u201eein neues Gebot\u201c (Joh 13,34) nennt. Der Geist hat das neue Gesetz in unsere Herzen geschrieben und sie mit Liebe erf\u00fcllt: \u201edenn die Liebe ist ausgegossen in unsere Herzen durch den Hl. Geist, der uns gegeben ist\u201c (R\u00f6m 5,5)<\/p>\n<ol start=\"3\">\n<li>Ein Bewusstsein, Sohn oder Tochter Gottes zu sein<\/li>\n<\/ol>\n<p>Wer die Geisttaufe empf\u00e4ngt versp\u00fcrt die unendliche Liebe Gottes, Sohn und Tochter zu sein, eingebettet in seine grenzenlose Liebe. Von IHM unendlich geliebt.<\/p>\n<ol start=\"4\">\n<li>Ein Leben unter der Herrschaft Christi zu f\u00fchren<\/li>\n<\/ol>\n<p>Das Ausschlaggebende an der Proklamation Jesu als Herrn, ist nach P. Rainiero Cantalamessa: Wenn wir ihn so verk\u00fcnden, ist es nicht nur ein Bekenntnis des Glaubens, sondern jeder trifft auch eine pers\u00f6nliche Entscheidung: \u201eDu bist mein Herr; ich gebe mich Dir hin und ich erkenne Dich frei als meinen Retter, mein Haupt, meinen Meister an, als den Einen, der jedes Recht \u00fcber mich hat. Ich \u00fcbergebe Dir voller Freude die Z\u00fcgel meines Lebens.\u201c<\/p>\n<ol start=\"5\">\n<li>Ein Leben mit den Charismen<\/li>\n<\/ol>\n<p>In einem der wichtigsten Dokumente des 2.Vatikanischen Konzils lesen wir: \u201eDerselbe Hl. Geist heiligt au\u00dferdem nicht nur das Gottesvolk durch die Sakramente und die Dienstleistungen, er f\u00fchrt es nicht nur und bereichert es mit Tugenden, sondern \u201eteilt den Einzelnen, wie er will\u201c (1 Kor 12,11), seine Gaben aus und verteilt unter den Gl\u00e4ubigen jeglichen Standes auch besondere Gnaden. Durch diese macht er sie geeignet und bereit, f\u00fcr die Erneuerung und den vollen Aufbau der Kirche verschiedene Werke und Dienste zu \u00fcbernehmen gem\u00e4\u00df dem Wort \u201eJedem wird der Erweis des Geistes zum Nutzen anderer gegeben\u201c (1 Kor 12,7). Solche Gnadengaben, ob sie nun von besonderer Leuchtkraft oder aber schlichter und allgemeiner verbreitet sind, m\u00fcssen mit Dank und Trost angenommen werden, da sie den N\u00f6ten der Kirche besonders angepasst und n\u00fctzlich sind.\u201c<\/p>\n<p>Was wirkt der Heilige Geist? Und was geschieht, wenn der Hl. Geist uns erf\u00fcllt? Er schenkt uns Gnadengaben, &#8211; Charismen. In den Texten aus der Apostelgeschichte steht, dass diejenigen, die mit dem Hl. Geist erf\u00fcllt wurden, in Zungen redeten. Das bedeutet, es ist ganz normal, in \u201efremden Sprachen\u201c zu reden, wenn man mit dem Hl. Geist erf\u00fcllt ist. Wof\u00fcr haben wir die Gabe des Sprachengebetes? In 1 Kor 14,2 hei\u00dft es: \u201eDenn wer in Zungen redet, redet nicht zu Menschen, sondern zu Gott.\u201c Das Sprachengebet ist nicht die wichtigste Gabe, aber sie ist eine Hilfe f\u00fcr uns. Es ist als w\u00fcrde beim Reden mit Gott aus uns hervorsprudeln, was wir auf dem Herzen haben, ohne dass uns Verstand und Denken daran hindern.<\/p>\n<p>Schlussendlich bleibt eine Erf\u00fcllung mit dem Hl. Geist ein ganz pers\u00f6nliches Erlebnis. Meistens, meinte Karl Fischer, wenn ihn der Hl. Geist erf\u00fcllt, merke er das an seiner Einstellung. \u201eIch sp\u00fcre dann eine neue Kraft in mir, eine Gewissheit: \u201eMit Dir Gott ist nichts unm\u00f6glich.\u201c Oder ein Bewusstsein, dass Friede da ist, Freude, Liebe und Zuversicht.<\/p>\n<p>Obwohl man nicht Christ sein kann ohne den Hl. Geist zu haben, ermutigt Paulus die Christen in Ephesus besonders: \u201cLasst Euch vom Geist erf\u00fcllen! Und zwar immer wieder!\u201c Also eine Handlung, die richtig \u00fcbersetzt immer wieder vollzogen werden soll. Karl Fischer sprach hier als Beispiel von einem Akkubohrer, der immer wieder aufgeladen werden m\u00fcsse. Brauchen wir eine neue Aufladung, oder hat unser Akku \u00fcberhaupt schon mal eine \u201eLadestation\u201c gesehen?<\/p>\n<p>Am Nachmittag stellte Miriam \u00d6ttinger ihr Hilfsprojekt in Uganda vor. Nach einer abschlie\u00dfenden Lobpreiszeit mit Aussetzung des Allerheiligsten beteten wir um Ausgie\u00dfung des Hl. Geistes mit der Bitte, das in uns zu wirken, was wir jetzt brauchen.<\/p>\n","protected":false},"excerpt":{"rendered":"<p>Der Di\u00f6zesantag am 16. November 2019 in Gambach begann mit der Feier der Hl. Messe, zelebriert von Pfr. Solomon aus&#8230;<\/p>\n","protected":false},"author":488,"featured_media":882,"comment_status":"closed","ping_status":"closed","sticky":false,"template":"","format":"standard","meta":{"footnotes":""},"categories":[1],"tags":[],"class_list":{"0":"post-824","1":"post","2":"type-post","3":"status-publish","4":"format-standard","5":"has-post-thumbnail","7":"category-allgemein"},"post_mailing_queue_ids":[],"menu_order":0,"_links":{"self":[{"href":"https:\/\/www.erneuerung.de\/wuerzburg\/wp-json\/wp\/v2\/posts\/824","targetHints":{"allow":["GET"]}}],"collection":[{"href":"https:\/\/www.erneuerung.de\/wuerzburg\/wp-json\/wp\/v2\/posts"}],"about":[{"href":"https:\/\/www.erneuerung.de\/wuerzburg\/wp-json\/wp\/v2\/types\/post"}],"author":[{"embeddable":true,"href":"https:\/\/www.erneuerung.de\/wuerzburg\/wp-json\/wp\/v2\/users\/488"}],"replies":[{"embeddable":true,"href":"https:\/\/www.erneuerung.de\/wuerzburg\/wp-json\/wp\/v2\/comments?post=824"}],"version-history":[{"count":18,"href":"https:\/\/www.erneuerung.de\/wuerzburg\/wp-json\/wp\/v2\/posts\/824\/revisions"}],"predecessor-version":[{"id":908,"href":"https:\/\/www.erneuerung.de\/wuerzburg\/wp-json\/wp\/v2\/posts\/824\/revisions\/908"}],"wp:featuredmedia":[{"embeddable":true,"href":"https:\/\/www.erneuerung.de\/wuerzburg\/wp-json\/wp\/v2\/media\/882"}],"wp:attachment":[{"href":"https:\/\/www.erneuerung.de\/wuerzburg\/wp-json\/wp\/v2\/media?parent=824"}],"wp:term":[{"taxonomy":"category","embeddable":true,"href":"https:\/\/www.erneuerung.de\/wuerzburg\/wp-json\/wp\/v2\/categories?post=824"},{"taxonomy":"post_tag","embeddable":true,"href":"https:\/\/www.erneuerung.de\/wuerzburg\/wp-json\/wp\/v2\/tags?post=824"}],"curies":[{"name":"wp","href":"https:\/\/api.w.org\/{rel}","templated":true}]}}