{"id":735,"date":"2020-03-04T12:35:04","date_gmt":"2020-03-04T11:35:04","guid":{"rendered":"https:\/\/www.erneuerung.de\/wuerzburg\/?p=735"},"modified":"2021-11-30T12:09:56","modified_gmt":"2021-11-30T11:09:56","slug":"neues-dioezesanteam-im-bistum-wuerzburg","status":"publish","type":"post","link":"https:\/\/www.erneuerung.de\/wuerzburg\/2020\/03\/04\/neues-dioezesanteam-im-bistum-wuerzburg\/","title":{"rendered":"Neues Di\u00f6zesanteam im Bistum W\u00fcrzburg"},"content":{"rendered":"<p>Am 2. Februar trafen sich in T\u00fcckelhausen die Vertreter der charismatischen Gebetskreise der Di\u00f6zese W\u00fcrzburg zur Wahl des Leitungsteams der Charismatischen Erneuerung in der Katholischen Kirche. Die Wahl, bei der jeder Gebetskreis eine Stimme hat, findet turnusm\u00e4\u00dfig alle vier Jahre statt.<br \/>Zu Beginn des Wahltages feierten die Vertreter der Gebetskreise mit der Pfarrgemeinde in der Kirche St. Georg die Heilige Messe, die Pfarrer Klaus Weber zelebrierte. Im Anschluss daran trafen sich die Vertreter der Gebetskreise im Pfarrsaal zum &#8222;Wei\u00dfwurst-Mittags-Fr\u00fchst\u00fcck&#8220; mit anschlie\u00dfender Neuwahl.<\/p>\n<p><img class=\"alignnone size-medium wp-image-736\" src=\"https:\/\/www.erneuerung.de\/wuerzburg\/wp-content\/uploads\/sites\/28\/2020\/03\/Team-homepage-300x177.jpg\" alt=\"\" width=\"300\" height=\"177\" \/><br \/>v.l.n.r.: Pfr. Klaus Weber, Margit Faust, Manfred Aulbach, Margarete Rothaug, Norbert Schlereth, Martina Spitznagel, Elke Krapf, es fehlt Gerd Brunnquell<br \/>Foto: Manfred Aulbach<\/p>\n<p>Gew\u00e4hlt bzw. best\u00e4tigt wurden Manfred Aulbach und Margit Faust (beide M\u00f6mlingen) bisher 1. und 2. Di\u00f6zesansprecher jetzt erstmalig als gemeinsames Sprecherteam. Neben ihren Aufgaben als Leiter der CE W\u00fcrzburg vertreten sie das Bistum im Rat der CE Deutschland. Wiedergew\u00e4hlt ins Di\u00f6zesanleitungsteam wurden: Margarete Rothaug (Bad Kissingen), sie vertritt die CE im W\u00fcrzburger Di\u00f6zesanrat; Norbert Schlereth (Gre\u00dftal-Wasserlosen), er vertritt die Region Schweinfurt\/Gem\u00fcnden\/Karlstadt und Gerd Brunnquell (Ha\u00dffurt), er wurde als Protokollf\u00fchrer gew\u00e4hlt, &#8211; beide sind zus\u00e4tzlich als Kassenpr\u00fcfer in der Vorstandschaft des F\u00f6rdervereins der CE W\u00fcrzburg e.V.<br \/>Pfr. Klaus Weber (T\u00fcckelhausen) wurde von Generalvikar Thomas Kessler auf die Dauer von f\u00fcnf Jahren zum Geistlichen Sprecher ernannt. Neu geh\u00f6ren dem Leitungsteam an: Elke Krapf (W\u00fcrzburg) als Vertreterin der Gemeinschaft Jedidja sowie Martina Spitznagel (Greu\u00dfenheim) als Delegierte des Gebetshauses Maria und Martha in W\u00f6rth.<\/p>\n\n\n<p>&nbsp;<\/p>\n","protected":false},"excerpt":{"rendered":"<p>Am 2. Februar trafen sich in T\u00fcckelhausen die Vertreter der charismatischen Gebetskreise der Di\u00f6zese W\u00fcrzburg zur Wahl des Leitungsteams der&#8230;<\/p>\n","protected":false},"author":488,"featured_media":736,"comment_status":"closed","ping_status":"closed","sticky":false,"template":"","format":"standard","meta":{"footnotes":""},"categories":[1],"tags":[],"class_list":{"0":"post-735","1":"post","2":"type-post","3":"status-publish","4":"format-standard","5":"has-post-thumbnail","7":"category-allgemein"},"post_mailing_queue_ids":[],"menu_order":0,"_links":{"self":[{"href":"https:\/\/www.erneuerung.de\/wuerzburg\/wp-json\/wp\/v2\/posts\/735","targetHints":{"allow":["GET"]}}],"collection":[{"href":"https:\/\/www.erneuerung.de\/wuerzburg\/wp-json\/wp\/v2\/posts"}],"about":[{"href":"https:\/\/www.erneuerung.de\/wuerzburg\/wp-json\/wp\/v2\/types\/post"}],"author":[{"embeddable":true,"href":"https:\/\/www.erneuerung.de\/wuerzburg\/wp-json\/wp\/v2\/users\/488"}],"replies":[{"embeddable":true,"href":"https:\/\/www.erneuerung.de\/wuerzburg\/wp-json\/wp\/v2\/comments?post=735"}],"version-history":[{"count":4,"href":"https:\/\/www.erneuerung.de\/wuerzburg\/wp-json\/wp\/v2\/posts\/735\/revisions"}],"predecessor-version":[{"id":1160,"href":"https:\/\/www.erneuerung.de\/wuerzburg\/wp-json\/wp\/v2\/posts\/735\/revisions\/1160"}],"wp:featuredmedia":[{"embeddable":true,"href":"https:\/\/www.erneuerung.de\/wuerzburg\/wp-json\/wp\/v2\/media\/736"}],"wp:attachment":[{"href":"https:\/\/www.erneuerung.de\/wuerzburg\/wp-json\/wp\/v2\/media?parent=735"}],"wp:term":[{"taxonomy":"category","embeddable":true,"href":"https:\/\/www.erneuerung.de\/wuerzburg\/wp-json\/wp\/v2\/categories?post=735"},{"taxonomy":"post_tag","embeddable":true,"href":"https:\/\/www.erneuerung.de\/wuerzburg\/wp-json\/wp\/v2\/tags?post=735"}],"curies":[{"name":"wp","href":"https:\/\/api.w.org\/{rel}","templated":true}]}}