{"id":1323,"date":"2023-10-10T10:41:15","date_gmt":"2023-10-10T08:41:15","guid":{"rendered":"https:\/\/www.erneuerung.de\/wuerzburg\/?p=1323"},"modified":"2023-10-10T10:43:09","modified_gmt":"2023-10-10T08:43:09","slug":"nacht-der-offenen-kirchen-in-wuerzburg","status":"publish","type":"post","link":"https:\/\/www.erneuerung.de\/wuerzburg\/2023\/10\/10\/nacht-der-offenen-kirchen-in-wuerzburg\/","title":{"rendered":"Nacht der offenen Kirchen in W\u00fcrzburg"},"content":{"rendered":"<div class=\"panel-center col-xs-12\">\n<article id=\"post-16812\" class=\"post-16812 post type-post status-publish format-standard has-post-thumbnail category-lobpreis-kreativitaet\">\n<div class=\"entry-content post-content\">\n<p>In der Nacht vom 2. \/ 3.Oktober 2023 fand zum 16. Mal die \u201eNacht der offenen Kirchen\u201c in W\u00fcrzburg statt. In \u00fcber 20 Kirchen der Innenstadt gab es ein buntes Programm zu vielf\u00e4ltigen gesellschaftlichen und geistlichen Themen mit Musik, Lesungen, Theater und vielem mehr. Gemeinsam mit der Band \u201eLobpreiszimmer\u201c und der Vineyard-Gemeinde W\u00fcrzburg war die Band der Gemeinschaft Jedidja diesmal in der St. Adalbero Kirche aktiv dabei.<\/p>\n<p>Schon seit einigen Jahre reifte der Wunsch nach dem Vorbild einer Gro\u00dfveranstaltung im Speyerer Dom einen konfessions- und gemeinde\u00fcbergreifende Lobpreisabend zu veranstalten. Und nun konnten wir als \u201eUnited Praise\u201c gemeinsam \u201eGott loben, Jesus begegnen, Gottes heiligen Geist erfahren\u201c \u2013 so der Titel im offiziellen Programmheft. Jeweils f\u00fcr zwei Stunden erf\u00fcllten \u201eLobpreiszimmer\u201c und die Jedidja-Band die Kirche mit Lobpreis und Anbetung. Dazu gab es geistliche Impulse und Angebote f\u00fcr pers\u00f6nliches Segnungsgebet. Wir waren \u00fcberrascht und dankbar, wie gut die Kirche besucht war, und wie viele Menschen mit uns den Herrn loben und preisen wollten.\u00a0 Das war sicherlich nicht der letzte gemeinsame Abend!<\/p>\n<p>Weitere Fotos unter <a href=\"http:\/\/www.kirchennacht-wuerzburg.de\" target=\"_blank\" rel=\"noopener\">www.kirchennacht-wuerzburg.de<\/a>.<\/p>\n<p>Text und Foto: Dr. Michael Wolleben<\/p>\n<\/div>\n<\/article>\n<\/div>\n","protected":false},"excerpt":{"rendered":"<p>In der Nacht vom 2. \/ 3.Oktober 2023 fand zum 16. Mal die \u201eNacht der offenen Kirchen\u201c in W\u00fcrzburg statt&#8230;.<\/p>\n","protected":false},"author":10,"featured_media":1327,"comment_status":"closed","ping_status":"closed","sticky":false,"template":"","format":"standard","meta":{"footnotes":""},"categories":[1],"tags":[],"class_list":{"0":"post-1323","1":"post","2":"type-post","3":"status-publish","4":"format-standard","5":"has-post-thumbnail","7":"category-allgemein"},"post_mailing_queue_ids":[],"menu_order":0,"_links":{"self":[{"href":"https:\/\/www.erneuerung.de\/wuerzburg\/wp-json\/wp\/v2\/posts\/1323","targetHints":{"allow":["GET"]}}],"collection":[{"href":"https:\/\/www.erneuerung.de\/wuerzburg\/wp-json\/wp\/v2\/posts"}],"about":[{"href":"https:\/\/www.erneuerung.de\/wuerzburg\/wp-json\/wp\/v2\/types\/post"}],"author":[{"embeddable":true,"href":"https:\/\/www.erneuerung.de\/wuerzburg\/wp-json\/wp\/v2\/users\/10"}],"replies":[{"embeddable":true,"href":"https:\/\/www.erneuerung.de\/wuerzburg\/wp-json\/wp\/v2\/comments?post=1323"}],"version-history":[{"count":1,"href":"https:\/\/www.erneuerung.de\/wuerzburg\/wp-json\/wp\/v2\/posts\/1323\/revisions"}],"predecessor-version":[{"id":1325,"href":"https:\/\/www.erneuerung.de\/wuerzburg\/wp-json\/wp\/v2\/posts\/1323\/revisions\/1325"}],"wp:featuredmedia":[{"embeddable":true,"href":"https:\/\/www.erneuerung.de\/wuerzburg\/wp-json\/wp\/v2\/media\/1327"}],"wp:attachment":[{"href":"https:\/\/www.erneuerung.de\/wuerzburg\/wp-json\/wp\/v2\/media?parent=1323"}],"wp:term":[{"taxonomy":"category","embeddable":true,"href":"https:\/\/www.erneuerung.de\/wuerzburg\/wp-json\/wp\/v2\/categories?post=1323"},{"taxonomy":"post_tag","embeddable":true,"href":"https:\/\/www.erneuerung.de\/wuerzburg\/wp-json\/wp\/v2\/tags?post=1323"}],"curies":[{"name":"wp","href":"https:\/\/api.w.org\/{rel}","templated":true}]}}