{"id":3484,"date":"2024-05-24T12:30:50","date_gmt":"2024-05-24T10:30:50","guid":{"rendered":"https:\/\/www.erneuerung.de\/rottenburg-stuttgart\/?p=3484"},"modified":"2024-05-28T22:46:16","modified_gmt":"2024-05-28T20:46:16","slug":"feuer-fuer-stuttgart-pfingsten-als-familienfest","status":"publish","type":"post","link":"https:\/\/www.erneuerung.de\/rottenburg-stuttgart\/2024\/05\/24\/feuer-fuer-stuttgart-pfingsten-als-familienfest\/","title":{"rendered":"Feuer f\u00fcr Stuttgart \u2013 Pfingsten als Familienfest"},"content":{"rendered":"<h4><strong>Feuer f\u00fcr Stuttgart \u2013 Pfingsten als Familienfest<\/strong><\/h4>\n<p>Oh Herr, gie\u00dfe Str\u00f6me des lebendigen Wassers aus \u2013 vielleicht hat unsere Lobpreisband dieses Lied einmal zu oft geprobt, jedenfalls startete das Loretto-Pfingstfestival, das dieses Jahr erstmals auch in Stuttgart gefeiert wurde, mit einer \u00dcberschwemmung direkt vor der Eingangst\u00fcr, aufgrund des Starkregens am Freitag. Nachdem diese Herausforderung mithilfe einer eilends herbeigerufenen Rohrreinigungsfirma gel\u00f6st war, konnte es losgehen: Pfingsten 24 in Stuttgart, here we go!<\/p>\n<h6><\/h6>\n<h6><strong>6000 Papiertauben sorgen f\u00fcr himmlische Atmosph\u00e4re<\/strong><\/h6>\n<p><img class=\"size-medium wp-image-3491 alignleft\" src=\"https:\/\/www.erneuerung.de\/rottenburg-stuttgart\/wp-content\/uploads\/sites\/25\/2024\/05\/Pfingsten-Stuttgart2-200x300.jpg\" alt=\"\" width=\"200\" height=\"300\" srcset=\"https:\/\/www.erneuerung.de\/rottenburg-stuttgart\/wp-content\/uploads\/sites\/25\/2024\/05\/Pfingsten-Stuttgart2-200x300.jpg 200w, https:\/\/www.erneuerung.de\/rottenburg-stuttgart\/wp-content\/uploads\/sites\/25\/2024\/05\/Pfingsten-Stuttgart2.jpg 409w\" sizes=\"(max-width: 200px) 100vw, 200px\" \/>380 Besucher, davon 70 Kinder \u2013 die Location, das \u00d6kumenische Zentrum in Stuttgart-Neugereut, platzte aus allen N\u00e4hten. Aber wie sch\u00f6n war es, die Kirche so brechend voll zu sehen. Schon beim Betreten des Gottesdienstraums, der eigentlich ein eher schmuckloser Zweckbau aus sehr viel Beton ist, f\u00fchlte man sich dem Himmel ein St\u00fcck n\u00e4her: Der gesamte Kirchenraum war mit 6000 (!) von Hand gebastelten Papiertauben geschm\u00fcckt, die Fenster mit schwarzem Stoff abgeh\u00e4ngt; \u00fcber dem Taufbecken symbolisierten hunderte orangene und rote B\u00e4nder den herabflie\u00dfenden Heiligen Geist. Die gesamte Location war an allen Ecken und Enden von unz\u00e4hligen flei\u00dfigen H\u00e4nden liebevoll dekoriert worden \u2013 Wohlf\u00fchlatmosph\u00e4re pur.<\/p>\n<p>Direkt beim ersten Lobpreis konnte man auf allen Gesichtern die \u00fcbergro\u00dfe Freude dar\u00fcber sehen, dass man ein ganzes Wochenende gemeinsam mit vielen Geschwistern den Herrn preisen durfte \u2013 was f\u00fcr ein Geschenk.<\/p>\n<h6><\/h6>\n<h6 style=\"text-align: left\"><strong>Fokus auf der Familie<\/strong><\/h6>\n<p><img class=\"size-medium wp-image-3489 alignright\" src=\"https:\/\/www.erneuerung.de\/rottenburg-stuttgart\/wp-content\/uploads\/sites\/25\/2024\/05\/Pfingsten-Stuttgart3-300x200.jpg\" alt=\"\" width=\"300\" height=\"200\" srcset=\"https:\/\/www.erneuerung.de\/rottenburg-stuttgart\/wp-content\/uploads\/sites\/25\/2024\/05\/Pfingsten-Stuttgart3-300x200.jpg 300w, https:\/\/www.erneuerung.de\/rottenburg-stuttgart\/wp-content\/uploads\/sites\/25\/2024\/05\/Pfingsten-Stuttgart3-600x400.jpg 600w, https:\/\/www.erneuerung.de\/rottenburg-stuttgart\/wp-content\/uploads\/sites\/25\/2024\/05\/Pfingsten-Stuttgart3.jpg 605w\" sizes=\"(max-width: 300px) 100vw, 300px\" \/><\/p>\n<p>F\u00fcr die vielen Familien, die zum Teil von weit her angereist waren, war das Pfingstfest in Stuttgart ganz besonders, denn sie wussten ihre Kinder in den besten H\u00e4nden: \u00dcber 20 Betreuerinnen und Betreuer k\u00fcmmerten sich an beiden Tagen um die Kinder, die in verschiedene Gruppen, ihrem Alter entsprechend, aufgeteilt wurden.<\/p>\n<p>Ganz besonders dabei war, dass die Kinder nicht nur ein eigenes Programm hatten, mit vielen Bastel- und Spielstationen, einem Clown, viel Action und sogar eigene Kinderworkshops wie Pfingstkerzen basteln, um das Feuer des Heiligen Geistes mit nach Hause zu nehmen; es gab auch einen auf sie abgestimmten spirituellen Input. Pfarrer Sven Jast aus Aalen war ausschlie\u00dflich f\u00fcr die Kinder da, feierte an beiden Tagen jeweils die Kindermesse mit ihnen, h\u00f6rte Beichte und spendete den Segen. Der H\u00f6hepunkt war sicherlich die Lebens\u00fcbergabe am Sonntag Nachmittag: Die Kinder bekamen eine Kerze, die sie an einem gro\u00dfen Lagerfeuer entz\u00fcnden durften und vor einem Holzkreuz abstellen konnten, als Zeichen daf\u00fcr dass sie ihren Weg mit Jesus gehen wollen.<\/p>\n<p>Die Jugendlichen zwischen 13 und 19 Jahren wurden von den Teamern vom Log-in bestens betreut, mit eigenem Programm, zu dem unter anderem Wikingerschach z\u00e4hlte, und einem eigens f\u00fcr sie vorbereiteten Raum, in dem sie gemeinsam essen und in Kleingruppen zusammen sein konnten.<\/p>\n<h6 style=\"text-align: left\"><strong>Workshops: Von Handlettering bis zu H\u00f6rendem Gebet<\/strong><\/h6>\n<p>Die Erwachsenen konnten sich derweil ganz auf ihr eigenes abwechslungsreiches Programm konzentrieren: Neben Vortr\u00e4gen namhafter Speaker, wie Jana Highholder, Pfarrer Fr\u00e4nz Muller aus Luxemburg, der \u00fcber sein Herzensthema Heiliger Geist und Sprachengebet referierte, und Barbara Fischer, die sehr praxisnah \u00fcber Nachfolge ganz konkret sprach und dabei viel von ihrem eigenen Weg mit Jesus erz\u00e4hlte, konnte aus einem umfangreichen Workshopangebot gew\u00e4hlt werden. Die Themen waren breit gef\u00e4chert und reichten von der Theologie des Leibes \u00fcber Handlettering bis hin zu H\u00f6rendem Gebet.<\/p>\n<p>Am fr\u00fchen Abend durften wir ein starkes Zeugnis von Andrej Albrecht h\u00f6ren: Er beschrieb, wie er mit Gottes Hilfe in der Lage war, mit seiner leidvollen Kindheit abzuschlie\u00dfen. Der Schl\u00fcssel: Vergebung.<\/p>\n<h6 style=\"text-align: left\"><strong>Zur\u00fcck in die Arme des Vaters \u2013 der Abend der Barmherzigkeit<\/strong><\/h6>\n<p><img class=\"size-medium wp-image-3490 alignleft\" src=\"https:\/\/www.erneuerung.de\/rottenburg-stuttgart\/wp-content\/uploads\/sites\/25\/2024\/05\/Pfingsten-Stuttgart4-300x200.jpg\" alt=\"\" width=\"300\" height=\"200\" srcset=\"https:\/\/www.erneuerung.de\/rottenburg-stuttgart\/wp-content\/uploads\/sites\/25\/2024\/05\/Pfingsten-Stuttgart4-300x200.jpg 300w, https:\/\/www.erneuerung.de\/rottenburg-stuttgart\/wp-content\/uploads\/sites\/25\/2024\/05\/Pfingsten-Stuttgart4-600x400.jpg 600w, https:\/\/www.erneuerung.de\/rottenburg-stuttgart\/wp-content\/uploads\/sites\/25\/2024\/05\/Pfingsten-Stuttgart4.jpg 605w\" sizes=\"(max-width: 300px) 100vw, 300px\" \/>Das war die perfekte Hinf\u00fchrung zum Abend der Barmherzigkeit. Nach einem Impuls von Diakon und homebase- Gemeindeleiter Martin Fischer, der gemeinsam mit seiner Tochter Maria durch das Wochenende f\u00fchrte, wurde das Allerheiligste ausgesetzt. Zu ruhigem Lobpreis wurde angebetet, zehn Priester standen zum Beichten zur Verf\u00fcgung, Gebetsteams beteten f\u00fcr und mit den Teilnehmern. Die Atmosph\u00e4re war unbeschreiblich stimmungsvoll und and\u00e4chtig. Es war so wunderbar zu sehen wie viele Menschen das Sakrament der Vers\u00f6hnung gespendet bekamen und ein ganz neues Kapitel in ihrer Geschichte mit Gott aufschlagen durften.<\/p>\n<h6 style=\"text-align: center\"><\/h6>\n<p><strong style=\"color: #2c211c;letter-spacing: 0.05em;text-transform: uppercase\">Ab jetzt alles mit Jesus<\/strong><\/p>\n<p><img class=\"size-medium wp-image-3487 alignright\" src=\"https:\/\/www.erneuerung.de\/rottenburg-stuttgart\/wp-content\/uploads\/sites\/25\/2024\/05\/Pfingsten-Stuttgart5-225x300.jpg\" alt=\"\" width=\"225\" height=\"300\" srcset=\"https:\/\/www.erneuerung.de\/rottenburg-stuttgart\/wp-content\/uploads\/sites\/25\/2024\/05\/Pfingsten-Stuttgart5-225x300.jpg 225w, https:\/\/www.erneuerung.de\/rottenburg-stuttgart\/wp-content\/uploads\/sites\/25\/2024\/05\/Pfingsten-Stuttgart5.jpg 361w\" sizes=\"(max-width: 225px) 100vw, 225px\" \/>Am Sonntag wurde uns eine ganz besondere Ehre zuteil: Weihbischof Thomas Maria Renz feierte mit uns zusammen das Pfingsthochamt, was uns sehr gefreut hat.<\/p>\n<p>m Nachmittag bei der Lebens\u00fcbergabe und dem Gebet um den Heiligen Geist kamen \u00fcber 70 Menschen, junge wie \u00e4ltere, nach vorne, knieten sich vor das ausgesetzte Allerheiligste und \u00fcbergaben ihr Leben Jesus \u2013 was f\u00fcr ein starkes und ermutigendes Zeichen! Der Heilige Geist war so stark gegenw\u00e4rtig an diesem Nachmittag, so viele Menschen wurden ber\u00fchrt und ergriffen \u2013 die Zeugnisse, die uns seither erreichen, sind f\u00fcr uns die Best\u00e4tigung, dass dieses Pfingstfest absolut gesegnet war.<\/p>\n<h6 style=\"text-align: left\"><strong>Neues Feuer f\u00fcr Stuttgart<\/strong><\/h6>\n<p>Nach dem Gebet f\u00fcr Stadt und Land, bei dem wir quer durch den Stadtteil zogen und um Feuer f\u00fcr Stuttgart beteten, endete das Pfingstfest mit dem krassesten Partylobpreis, den Stuttgart je gesehen und geh\u00f6rt hat \u2013 inklusive Polonaise durch die Kirche \ud83d\ude0a Denn wovon das Herz voll ist, davon spricht, oder in unserem Fall: singt der Mund. Wir waren und sind alle voller Dankbarkeit f\u00fcr alles, was uns an diesem Wochenende geschenkt wurden. Dieses Pfingsten wird so viele Leben nachhaltig ver\u00e4ndern \u2013 Danke Jesus!<\/p>\n<p>Susanne Quinto<\/p>\n","protected":false},"excerpt":{"rendered":"<p>F\u00fcr die vielen Familien, die zum Teil von weit her angereist waren, war das Pfingstfest in Stuttgart ganz besonders.<\/p>\n","protected":false},"author":462,"featured_media":3485,"comment_status":"closed","ping_status":"closed","sticky":false,"template":"","format":"standard","meta":{"footnotes":""},"categories":[1],"tags":[],"class_list":{"0":"post-3484","1":"post","2":"type-post","3":"status-publish","4":"format-standard","5":"has-post-thumbnail","7":"category-allgemein"},"post_mailing_queue_ids":[],"menu_order":0,"_links":{"self":[{"href":"https:\/\/www.erneuerung.de\/rottenburg-stuttgart\/wp-json\/wp\/v2\/posts\/3484","targetHints":{"allow":["GET"]}}],"collection":[{"href":"https:\/\/www.erneuerung.de\/rottenburg-stuttgart\/wp-json\/wp\/v2\/posts"}],"about":[{"href":"https:\/\/www.erneuerung.de\/rottenburg-stuttgart\/wp-json\/wp\/v2\/types\/post"}],"author":[{"embeddable":true,"href":"https:\/\/www.erneuerung.de\/rottenburg-stuttgart\/wp-json\/wp\/v2\/users\/462"}],"replies":[{"embeddable":true,"href":"https:\/\/www.erneuerung.de\/rottenburg-stuttgart\/wp-json\/wp\/v2\/comments?post=3484"}],"version-history":[{"count":6,"href":"https:\/\/www.erneuerung.de\/rottenburg-stuttgart\/wp-json\/wp\/v2\/posts\/3484\/revisions"}],"predecessor-version":[{"id":3498,"href":"https:\/\/www.erneuerung.de\/rottenburg-stuttgart\/wp-json\/wp\/v2\/posts\/3484\/revisions\/3498"}],"wp:featuredmedia":[{"embeddable":true,"href":"https:\/\/www.erneuerung.de\/rottenburg-stuttgart\/wp-json\/wp\/v2\/media\/3485"}],"wp:attachment":[{"href":"https:\/\/www.erneuerung.de\/rottenburg-stuttgart\/wp-json\/wp\/v2\/media?parent=3484"}],"wp:term":[{"taxonomy":"category","embeddable":true,"href":"https:\/\/www.erneuerung.de\/rottenburg-stuttgart\/wp-json\/wp\/v2\/categories?post=3484"},{"taxonomy":"post_tag","embeddable":true,"href":"https:\/\/www.erneuerung.de\/rottenburg-stuttgart\/wp-json\/wp\/v2\/tags?post=3484"}],"curies":[{"name":"wp","href":"https:\/\/api.w.org\/{rel}","templated":true}]}}