{"id":3384,"date":"2023-12-12T16:42:20","date_gmt":"2023-12-12T15:42:20","guid":{"rendered":"https:\/\/www.erneuerung.de\/rottenburg-stuttgart\/?p=3384"},"modified":"2025-05-05T22:16:27","modified_gmt":"2025-05-05T20:16:27","slug":"ladies-day-mit-margarete-dennenmoser","status":"publish","type":"post","link":"https:\/\/www.erneuerung.de\/rottenburg-stuttgart\/2023\/12\/12\/ladies-day-mit-margarete-dennenmoser\/","title":{"rendered":"Ladies Day mit Margarete Dennenmoser"},"content":{"rendered":"<p>\u201eMaria begegnen\u201c, das war das Thema des diesj\u00e4hrigen \u201eLadies Day\u201c am 28. Oktober 2023 in der Homebase Stuttgart.<br \/>\nMehr als 70 Frauen hatten sich zur Teilnahme an diesem besonderen Event angemeldet und ich glaube, jede ist mit einem erf\u00fcllten Herzen nach Hause gegangen.<br \/>\nMargarete Dennenmoser, die wunderbare (mittlerweile 83-j\u00e4hrige) Grand Dame, bekannt als Buchautorin der Buchreihe \u201eNicht wie bei R\u00e4ubers\u201c und vieler anderer B\u00fccher, nahm uns auf eine autobiographische Reise mit, bei der sie immer wieder die \u201ez\u00e4rtliche\u201c Gegenwart der Gottesmutter sp\u00fcren durfte.<\/p>\n<p><img class=\"size-medium wp-image-3375 alignleft\" src=\"https:\/\/www.erneuerung.de\/rottenburg-stuttgart\/wp-content\/uploads\/sites\/25\/2023\/12\/WhatsApp-Bild-2023-11-14-um-13.56.38_98097ec4-225x300.jpg\" alt=\"\" width=\"225\" height=\"300\" srcset=\"https:\/\/www.erneuerung.de\/rottenburg-stuttgart\/wp-content\/uploads\/sites\/25\/2023\/12\/WhatsApp-Bild-2023-11-14-um-13.56.38_98097ec4-225x300.jpg 225w, https:\/\/www.erneuerung.de\/rottenburg-stuttgart\/wp-content\/uploads\/sites\/25\/2023\/12\/WhatsApp-Bild-2023-11-14-um-13.56.38_98097ec4-600x800.jpg 600w, https:\/\/www.erneuerung.de\/rottenburg-stuttgart\/wp-content\/uploads\/sites\/25\/2023\/12\/WhatsApp-Bild-2023-11-14-um-13.56.38_98097ec4.jpg 768w\" sizes=\"(max-width: 225px) 100vw, 225px\" \/>Frau Dennenmoser hatte sich zu Beginn das Lied \u201eMaria dich lieben ist allzeit mein Sinn\u201c gew\u00fcnscht und schon waren wir mitten im Thema.<br \/>\nHerzst\u00fcck ihrer drei Vortr\u00e4ge war f\u00fcr mich die Begegnung der jungen Maria mit dem Heiligen Geist, der ihr die Geburt eines Sohnes verhei\u00dft, in Lk 2,26. Maria, die schon lange Auserw\u00e4hlte, voll der Gnade, gibt ihr \u201eJa\u201c, ihr \u201eMir geschehe, wie du es gesagt hast\u201c.<br \/>\nIhre Base Elisabeth, die im hohen Alter noch einen Sohn empfangen hat, wird ihr als Unterst\u00fctzung zur Seite gestellt. Wie kann dies alles geschehen?<\/p>\n<p>Letztendlich f\u00fchrte uns Margarete Dennenmoser \u00fcber Maria und ihre Ausf\u00fchrungen \u00fcber die Schutzmantelmadonna, unter deren Mantel auch wir stehen d\u00fcrfen, \u00fcber die wunderbare Mutter in Guadeloupe und die Gedanken \u00fcber die Knotenl\u00f6serin doch zu einer Aussage \u00fcber Gott selbst.<br \/>\nF\u00fcr mich war es die Botschaft: \u201eMit Maria an der Hand d\u00fcrfen wir ganz getrost in den St\u00fcrmen der gegenw\u00e4rtigen Zeit all unsere Sorgen und \u00c4ngste und Freuden zu Gott bringen.\u201c Es ist eine Botschaft der Hoffnung und Maria ist jeder von uns zur Seite gestellt. In ihren ausgebreiteten Armen d\u00fcrfen wir uns zuhause f\u00fchlen und uns ausruhen, sie ist unsere m\u00e4chtigste F\u00fcrsprecherin, ein Vorbild, erf\u00fcllt vom Heiligen Geist!<br \/>\n\u201eDenn bei Gott ist nichts unm\u00f6glich.\u201c<\/p>\n<p>W\u00e4hrend einer Zeit der Anbetung hatten wir auch die M\u00f6glichkeit zur Beichte.<br \/>\nDer kr\u00f6nende Abschluss war die Eucharistiefeier mit Fr\u00e4nz Muller. Seine Botschaft lautet: \u201eJesus will heilen!\u201c. Nach einer feurigen Predigt gab es nach der Messe noch den Einzelsegen von Fr\u00e4nz M\u00fcller und Margarete Dennenmoser. Was f\u00fcr eine gesegnete Zeit!<\/p>\n<p>Mit viel Lobpreis und Gebet, erf\u00fcllt vom Heiligen Geist, viele auch geheilt und voller Jubel, ging dieser Tag dem Ende zu. Eine Freundin hat es so zusammengefasst: \u201eEs war so gesalbt. Ein gro\u00dfes Geschenk f\u00fcr mich. Danke, dass ich dabei sein konnte\u201c.<\/p>\n<p>Elisabeth Morath<\/p>\n","protected":false},"excerpt":{"rendered":"<p>&#8222;Maria begegnen&#8220; in der Homebase in Stuttgart-Neugereut<\/p>\n","protected":false},"author":462,"featured_media":3373,"comment_status":"closed","ping_status":"closed","sticky":false,"template":"","format":"standard","meta":{"footnotes":""},"categories":[1],"tags":[],"class_list":{"0":"post-3384","1":"post","2":"type-post","3":"status-publish","4":"format-standard","5":"has-post-thumbnail","7":"category-allgemein"},"post_mailing_queue_ids":[],"menu_order":0,"_links":{"self":[{"href":"https:\/\/www.erneuerung.de\/rottenburg-stuttgart\/wp-json\/wp\/v2\/posts\/3384","targetHints":{"allow":["GET"]}}],"collection":[{"href":"https:\/\/www.erneuerung.de\/rottenburg-stuttgart\/wp-json\/wp\/v2\/posts"}],"about":[{"href":"https:\/\/www.erneuerung.de\/rottenburg-stuttgart\/wp-json\/wp\/v2\/types\/post"}],"author":[{"embeddable":true,"href":"https:\/\/www.erneuerung.de\/rottenburg-stuttgart\/wp-json\/wp\/v2\/users\/462"}],"replies":[{"embeddable":true,"href":"https:\/\/www.erneuerung.de\/rottenburg-stuttgart\/wp-json\/wp\/v2\/comments?post=3384"}],"version-history":[{"count":1,"href":"https:\/\/www.erneuerung.de\/rottenburg-stuttgart\/wp-json\/wp\/v2\/posts\/3384\/revisions"}],"predecessor-version":[{"id":3385,"href":"https:\/\/www.erneuerung.de\/rottenburg-stuttgart\/wp-json\/wp\/v2\/posts\/3384\/revisions\/3385"}],"wp:featuredmedia":[{"embeddable":true,"href":"https:\/\/www.erneuerung.de\/rottenburg-stuttgart\/wp-json\/wp\/v2\/media\/3373"}],"wp:attachment":[{"href":"https:\/\/www.erneuerung.de\/rottenburg-stuttgart\/wp-json\/wp\/v2\/media?parent=3384"}],"wp:term":[{"taxonomy":"category","embeddable":true,"href":"https:\/\/www.erneuerung.de\/rottenburg-stuttgart\/wp-json\/wp\/v2\/categories?post=3384"},{"taxonomy":"post_tag","embeddable":true,"href":"https:\/\/www.erneuerung.de\/rottenburg-stuttgart\/wp-json\/wp\/v2\/tags?post=3384"}],"curies":[{"name":"wp","href":"https:\/\/api.w.org\/{rel}","templated":true}]}}