{"id":618,"date":"2020-05-07T14:29:09","date_gmt":"2020-05-07T12:29:09","guid":{"rendered":"https:\/\/www.erneuerung.de\/passau\/?p=618"},"modified":"2020-05-27T12:21:09","modified_gmt":"2020-05-27T10:21:09","slug":"die-bibel-teil-1-persoenliche-erfahrungen-schluesselmomente","status":"publish","type":"post","link":"https:\/\/www.erneuerung.de\/passau\/2020\/05\/07\/die-bibel-teil-1-persoenliche-erfahrungen-schluesselmomente\/","title":{"rendered":"Die Bibel, Teil 1"},"content":{"rendered":"\n<div class=\"wp-block-image wp-image-348\"><figure class=\"alignleft is-resized\"><img src=\"https:\/\/www.erneuerung.de\/passau\/wp-content\/uploads\/sites\/23\/2020\/02\/Rudolf-201x300.jpg\" alt=\"\" class=\"wp-image-348\" width=\"116\" height=\"172\" srcset=\"https:\/\/www.erneuerung.de\/passau\/wp-content\/uploads\/sites\/23\/2020\/02\/Rudolf-201x300.jpg 201w, https:\/\/www.erneuerung.de\/passau\/wp-content\/uploads\/sites\/23\/2020\/02\/Rudolf.jpg 537w\" sizes=\"(max-width: 116px) 100vw, 116px\" \/><figcaption><em>Pater Rudolf Ehrl<\/em><\/figcaption><\/figure><\/div>\n\n\n\n<h3 class=\"wp-block-heading\"><strong>Pers\u00f6nliche Erfahrungen und Schl\u00fcsselmoment<\/strong><\/h3>\n\n\n\n<h4 class=\"has-vivid-red-color has-text-color wp-block-heading\"><strong>F\u00fcrchtet euch nicht <\/strong><br><strong>vor dem Buch mit sieben Siegeln! <\/strong><\/h4>\n\n\n\n<p>Immer wieder werden wir eingeladen oder aufgefordert, die Heilige Schrift zu lesen.<br>Die Heilige Schrift &#8211; Bibel genannt &#8211; ist Wort Gottes an uns Menschen und Dokument unseres Glaubens.<\/p>\n\n\n\n<p>Doch f\u00fcr viele Menschen ist die Bibel ein Werk, das mehr verwirrt als kl\u00e4rt.<\/p>\n\n\n\n<p>Sie ist buchst\u00e4blich ein Buch mit sieben Siegeln, das sich nicht so ohne weiteres \u00f6ffnen l\u00e4sst. Und das ist sogar in der Bibel selbst schon so geschrieben:<\/p>\n\n\n\n<p class=\"has-text-color has-background has-very-light-gray-color has-vivid-red-background-color\">\u201c<sup>1<\/sup> Und ich sah auf der rechten Hand dessen, der auf dem Thron sa\u00df, eine Buchrolle; sie war innen und auf der R\u00fcckseite beschrieben und mit sieben Siegeln versiegelt. <sup>2<\/sup> Und ich sah: Ein gewaltiger Engel rief mit lauter Stimme: Wer ist w\u00fcrdig, die Buchrolle zu \u00f6ffnen und ihre Siegel zu l\u00f6sen? <sup>3<\/sup> Aber niemand im Himmel, auf der Erde und unter der Erde konnte das Buch \u00f6ffnen und hineinsehen.\u201d (Offb 5,1-3)<\/p>\n\n\n\n<hr class=\"wp-block-separator\" \/>\n\n\n\n<p><strong><br>Wer eine Bibel in die Hand nimmt, macht sich auf einen Weg.<\/strong> Dieser Weg kann sehr lang und beschwerlich sein. Er beinhaltet aber auch viele lesens- und lebenswerte und sch\u00f6ne Momente, von denen wir sagen, dass sie sogar <strong>lebensnotwendig<\/strong> sind. Ich m\u00f6chte hier eine Lanze f\u00fcr die Bibel brechen und versuche, meinen eigenen Weg mit dem Buch der B\u00fccher zu beschreiben. Dein\/Ihr Weg mit der Bibel kann und wird anders aussehen. Nie aber ist er nur steinig, aufsteigend und unwegsam. Manchmal ist er schlicht erholsam und wohltuend.<\/p>\n\n\n\n<p>Aber ich will von vorne beginnen.<\/p>\n\n\n\n<p>Nach meinem Abitur bin ich in F\u00fcrstenzell bei den Maristen eingetreten. Zwei Jahre lang studierte ich an der Philosophisch-Theologischen Hochschule in Passau Theologie, darunter Biblische Einleitungswissenschaften bei dem von mir sehr gesch\u00e4tzten Prof. Otto Knoch. Vier Semester wissenschaftliches Herantasten an die Heilige Schrift. Hintergrundwissen zu Hauf. Ich hatte doch schon eine ganze Menge von der Bibel gelernt.<\/p>\n\n\n\n<p>Schnitt.<\/p>\n\n\n\n<p>Nach vier Semestern habe ich mein Studium f\u00fcr ein Jahr unterbrochen und in Irland mein Noviziat absolviert, das Einf\u00fchrungsjahr in das Ordensleben, das in der Regel mit der zeitlichen Profess (Ordensgel\u00fcbde) endet. Dort besprach unser Novizenmeister mit uns das Johannes Evangelium. Ein Schock. Da wurde pl\u00f6tzlich alles Wort f\u00fcr Wort genommen. Anscheinend keine Spur von dem, was ich in vier Semestern gelernt hatte. Aber das kann man doch nicht alles ignorieren! Da ist doch die Zeit stehen geblieben. Wir sind doch schon viel weiter! &#8211; So dachte ich und suchte immer wieder Rat bei einem Mitbruder, der sich viel M\u00fche gab, mir andere Herangehensweisen an die Heilige Schrift zu erm\u00f6glichen. Aber mein verkopftes Hirn wollte da noch nicht mitmachen.<\/p>\n\n\n\n<p>Als das Noviziat sich dem Bergfest (= dem Halbjahr) n\u00e4herte, fand im Gebetskreis im Loreto College ein \u201cLeben im Geist Seminar\u201d statt. Nachdem ich auch im Gebetskreis die ersten H\u00fcrden genommen hatte (wieder mit der Hilfe meiner Mitbr\u00fcder, und es waren keine kleinen H\u00fcrden!) habe ich am Seminar teilgenommen. Da zeigte sich ein ganz anderer Umgang mit der Heiligen Schrift. Da wurde pl\u00f6tzlich Wirklichkeit, was ich bereits geh\u00f6rt hatte, aber nicht umsetzen konnte. <strong>Die Heilige Schrift wurde vom Dokument des christlichen Glaubens und literarischen Kunstwerk zum Wort Gottes, und zwar zu einem Wort, durch das Gott direkt zum Menschen &#8211; zu mir spricht.<\/strong> Und dieser Gott hat nicht nur Forderungen, Gebote und Verbote an mich zu richten. Er hat vielmehr eine Verhei\u00dfung und diese Verhei\u00dfung hei\u00dft Leben &#8211; ewiges Leben! Nicht mehr und nicht weniger. Die Grundbotschaft lautet: Gott liebt mich und akzeptiert mich so wie ich bin. Ich kann von meiner Seite nur Antwort geben auf die unendliche Liebe Gottes.<\/p>\n\n\n\n<div class=\"wp-block-image\"><figure class=\"alignleft\"><img width=\"300\" height=\"200\" src=\"https:\/\/www.erneuerung.de\/passau\/wp-content\/uploads\/sites\/23\/2020\/05\/bible-1149924_960_720-300x200.jpg\" alt=\"\" class=\"wp-image-619\" srcset=\"https:\/\/www.erneuerung.de\/passau\/wp-content\/uploads\/sites\/23\/2020\/05\/bible-1149924_960_720-300x200.jpg 300w, https:\/\/www.erneuerung.de\/passau\/wp-content\/uploads\/sites\/23\/2020\/05\/bible-1149924_960_720-768x512.jpg 768w, https:\/\/www.erneuerung.de\/passau\/wp-content\/uploads\/sites\/23\/2020\/05\/bible-1149924_960_720-600x400.jpg 600w, https:\/\/www.erneuerung.de\/passau\/wp-content\/uploads\/sites\/23\/2020\/05\/bible-1149924_960_720.jpg 960w\" sizes=\"(max-width: 300px) 100vw, 300px\" \/><\/figure><\/div>\n\n\n\n<p><strong>Mit der Bibel kann ich mich auf verschiedene Weise befassen. <\/strong><\/p>\n\n\n\n<p><strong>Auf einige wesentliche Formen geht Pater Rudolf im 2. Teil am n\u00e4chsten Sonntag ein.<\/strong> <strong>Die komplette PDF zur&nbsp;Bibel (Teil 1 und Teil 2)&nbsp;zum Abheften gibt es n\u00e4chste Woche.<\/strong><\/p>\n\n\n\n<p class=\"has-text-color has-vivid-red-color\"><strong>Hast du zu diesem Teil noch Fragen? <\/strong><br><strong>Melde dich jederzeit: CE-Passau@erneuerung.de<\/strong><\/p>\n","protected":false},"excerpt":{"rendered":"<p>Pers\u00f6nliche Erfahrungen und Schl\u00fcsselmoment F\u00fcrchtet euch nicht vor dem Buch mit sieben Siegeln! Immer wieder werden wir eingeladen oder aufgefordert,&#8230;<\/p>\n","protected":false},"author":481,"featured_media":621,"comment_status":"closed","ping_status":"closed","sticky":false,"template":"","format":"standard","meta":{"footnotes":""},"categories":[32],"tags":[],"class_list":{"0":"post-618","1":"post","2":"type-post","3":"status-publish","4":"format-standard","5":"has-post-thumbnail","7":"category-lehren"},"post_mailing_queue_ids":[],"menu_order":0,"_links":{"self":[{"href":"https:\/\/www.erneuerung.de\/passau\/wp-json\/wp\/v2\/posts\/618","targetHints":{"allow":["GET"]}}],"collection":[{"href":"https:\/\/www.erneuerung.de\/passau\/wp-json\/wp\/v2\/posts"}],"about":[{"href":"https:\/\/www.erneuerung.de\/passau\/wp-json\/wp\/v2\/types\/post"}],"author":[{"embeddable":true,"href":"https:\/\/www.erneuerung.de\/passau\/wp-json\/wp\/v2\/users\/481"}],"replies":[{"embeddable":true,"href":"https:\/\/www.erneuerung.de\/passau\/wp-json\/wp\/v2\/comments?post=618"}],"version-history":[{"count":19,"href":"https:\/\/www.erneuerung.de\/passau\/wp-json\/wp\/v2\/posts\/618\/revisions"}],"predecessor-version":[{"id":678,"href":"https:\/\/www.erneuerung.de\/passau\/wp-json\/wp\/v2\/posts\/618\/revisions\/678"}],"wp:featuredmedia":[{"embeddable":true,"href":"https:\/\/www.erneuerung.de\/passau\/wp-json\/wp\/v2\/media\/621"}],"wp:attachment":[{"href":"https:\/\/www.erneuerung.de\/passau\/wp-json\/wp\/v2\/media?parent=618"}],"wp:term":[{"taxonomy":"category","embeddable":true,"href":"https:\/\/www.erneuerung.de\/passau\/wp-json\/wp\/v2\/categories?post=618"},{"taxonomy":"post_tag","embeddable":true,"href":"https:\/\/www.erneuerung.de\/passau\/wp-json\/wp\/v2\/tags?post=618"}],"curies":[{"name":"wp","href":"https:\/\/api.w.org\/{rel}","templated":true}]}}