{"id":1939,"date":"2025-07-18T11:03:45","date_gmt":"2025-07-18T09:03:45","guid":{"rendered":"https:\/\/www.erneuerung.de\/osnabrueck\/?p=1939"},"modified":"2025-07-18T11:03:45","modified_gmt":"2025-07-18T09:03:45","slug":"sommerfreizeit-im-kloster-bestwig","status":"publish","type":"post","link":"https:\/\/www.erneuerung.de\/osnabrueck\/2025\/07\/18\/sommerfreizeit-im-kloster-bestwig\/","title":{"rendered":"Sommerfreizeit im Kloster Bestwig"},"content":{"rendered":"<p>Vom 7. bis 13. Juli fand die diesj\u00e4hrige Sommerfreizeit der CE M\u00fcnster im Bergkloster Bestwig statt. Zu 11 Frauen erlebten wir frohe Tage der Gemeinschaft, der Erholung und St\u00e4rkung in vielfacher Hinsicht. <em>\u201eBei dir ist die Quelle des Lebens\u201c:<\/em> Dies Wort aus Psalm 36 leitete uns in den t\u00e4glichen biblischen Impulsen von Marie-Luise Winter und Schwester Klara Maria Breuer. Wir betrachteten, wie Gott einzelne Menschen und sein Volk in existentiellen Dursterfahrungen rettet. Wir h\u00f6rten vom Gott des Schalom, der ein Gott der F\u00fclle, des Segens und der Versorgung ist. Jesu Begegnung mit der Frau am Jakobsbrunnen f\u00fchrte uns zur Einladung, von dem lebendigen Wasser zu trinken, das der Herr gibt. Wer zur Quelle kommt, wird selbst zur Quelle, sahen wir am Beispiel dieser Samariterin. Die Zusage, dass die Quelle in uns ist, weil wir Tempel des Heiligen Geistes sind, best\u00e4rkte uns. Von Paulus h\u00f6rten wir aus seinem Brief an die Philipper: <em>\u201eMein Gott aber wird euch durch Christus Jesus alles, was ihr n\u00f6tig habt, aus dem Reichtum seiner Herrlichkeit schenken. Unserem Gott und Vater sei die Ehre in alle Ewigkeit! Amen.\u201c<\/em> (Philipper 4,19+20). Von Herzen stimmten wir \u00f6fters in das Lied ein: \u201eAlle meine Quellen entspringen in Dir, in Dir, mein guter Gott! Du bist das Wasser, das mich tr\u00e4nkt und meine Sehnsucht stillt!\u201c<\/p>\n<p><img class=\" wp-image-1941 alignright\" src=\"https:\/\/www.erneuerung.de\/osnabrueck\/wp-content\/uploads\/sites\/21\/2025\/07\/Bestwig-3-225x300.jpg\" alt=\"\" width=\"285\" height=\"380\" srcset=\"https:\/\/www.erneuerung.de\/osnabrueck\/wp-content\/uploads\/sites\/21\/2025\/07\/Bestwig-3-225x300.jpg 225w, https:\/\/www.erneuerung.de\/osnabrueck\/wp-content\/uploads\/sites\/21\/2025\/07\/Bestwig-3-768x1024.jpg 768w, https:\/\/www.erneuerung.de\/osnabrueck\/wp-content\/uploads\/sites\/21\/2025\/07\/Bestwig-3-1152x1536.jpg 1152w, https:\/\/www.erneuerung.de\/osnabrueck\/wp-content\/uploads\/sites\/21\/2025\/07\/Bestwig-3-600x800.jpg 600w, https:\/\/www.erneuerung.de\/osnabrueck\/wp-content\/uploads\/sites\/21\/2025\/07\/Bestwig-3.jpg 1200w\" sizes=\"(max-width: 285px) 100vw, 285px\" \/><\/p>\n<p>&nbsp;<\/p>\n<p>Die Umgebung von Bestwig bot gute Gelegenheit zu l\u00e4ngeren oder k\u00fcrzeren Spazierg\u00e4ngen oder auch zum Schwimmen in nahegelegenen B\u00e4dern. Als Quelle der Freude erlebten wir auch das abendliche Romm\u00e9-Kartenspiel oder Rummikub. Wir haben viel miteinander gelacht, ein Zeichen, dass es uns gut ging. Dankbar sind wir nach dem letzten guten Mittagessen am Sonntag wieder an unsere Orte zur\u00fcckgekehrt.<\/p>\n<p>&nbsp;<\/p>\n<p>Eine Sommerfreizeit 2026 im Bergkloster Bestwig ist schon vom 06. bis 12. Juli des kommenden Jahres gebucht. Anmeldungen dazu nimmt Marie-Luise Winter entgegen.<\/p>\n","protected":false},"excerpt":{"rendered":"<p>Vom 7. bis 13. Juli fand die diesj\u00e4hrige Sommerfreizeit der CE M\u00fcnster im Bergkloster Bestwig statt. Zu 11 Frauen erlebten&#8230;<\/p>\n","protected":false},"author":609,"featured_media":1940,"comment_status":"closed","ping_status":"closed","sticky":false,"template":"","format":"standard","meta":{"footnotes":""},"categories":[1],"tags":[],"class_list":{"0":"post-1939","1":"post","2":"type-post","3":"status-publish","4":"format-standard","5":"has-post-thumbnail","7":"category-allgemein"},"post_mailing_queue_ids":[],"menu_order":0,"_links":{"self":[{"href":"https:\/\/www.erneuerung.de\/osnabrueck\/wp-json\/wp\/v2\/posts\/1939","targetHints":{"allow":["GET"]}}],"collection":[{"href":"https:\/\/www.erneuerung.de\/osnabrueck\/wp-json\/wp\/v2\/posts"}],"about":[{"href":"https:\/\/www.erneuerung.de\/osnabrueck\/wp-json\/wp\/v2\/types\/post"}],"author":[{"embeddable":true,"href":"https:\/\/www.erneuerung.de\/osnabrueck\/wp-json\/wp\/v2\/users\/609"}],"replies":[{"embeddable":true,"href":"https:\/\/www.erneuerung.de\/osnabrueck\/wp-json\/wp\/v2\/comments?post=1939"}],"version-history":[{"count":2,"href":"https:\/\/www.erneuerung.de\/osnabrueck\/wp-json\/wp\/v2\/posts\/1939\/revisions"}],"predecessor-version":[{"id":1943,"href":"https:\/\/www.erneuerung.de\/osnabrueck\/wp-json\/wp\/v2\/posts\/1939\/revisions\/1943"}],"wp:featuredmedia":[{"embeddable":true,"href":"https:\/\/www.erneuerung.de\/osnabrueck\/wp-json\/wp\/v2\/media\/1940"}],"wp:attachment":[{"href":"https:\/\/www.erneuerung.de\/osnabrueck\/wp-json\/wp\/v2\/media?parent=1939"}],"wp:term":[{"taxonomy":"category","embeddable":true,"href":"https:\/\/www.erneuerung.de\/osnabrueck\/wp-json\/wp\/v2\/categories?post=1939"},{"taxonomy":"post_tag","embeddable":true,"href":"https:\/\/www.erneuerung.de\/osnabrueck\/wp-json\/wp\/v2\/tags?post=1939"}],"curies":[{"name":"wp","href":"https:\/\/api.w.org\/{rel}","templated":true}]}}