{"id":1824,"date":"2024-08-12T14:08:05","date_gmt":"2024-08-12T12:08:05","guid":{"rendered":"https:\/\/www.erneuerung.de\/osnabrueck\/?p=1824"},"modified":"2024-08-15T11:09:54","modified_gmt":"2024-08-15T09:09:54","slug":"ich-hebe-meine-augen-auf-zu-den-bergen-psalm-121","status":"publish","type":"post","link":"https:\/\/www.erneuerung.de\/osnabrueck\/2024\/08\/12\/ich-hebe-meine-augen-auf-zu-den-bergen-psalm-121\/","title":{"rendered":"\u201eIch hebe meine Augen auf zu den Bergen\u201c (Psalm 121)"},"content":{"rendered":"<div class=\"wpb-content-wrapper\"><p>[vc_row][vc_column][vc_column_text]<\/p>\r\n\r\n\r\n\r\n\r\n\r\n\r\n\r\n\r\n\r\n<h4 class=\"wp-block-heading\">Sommerfreizeit der CE M\u00fcnster \/ Osnabr\u00fcck im Bergkloster Bestwig<\/h4>\r\n\r\n\r\n<div class=\"wp-block-image\">\r\n<figure class=\"alignright\"><img width=\"300\" height=\"169\" class=\"wp-image-1827\" src=\"https:\/\/www.erneuerung.de\/osnabrueck\/wp-content\/uploads\/sites\/21\/2024\/08\/20240718_150349-300x169.jpg\" alt=\"\" srcset=\"https:\/\/www.erneuerung.de\/osnabrueck\/wp-content\/uploads\/sites\/21\/2024\/08\/20240718_150349-300x169.jpg 300w, https:\/\/www.erneuerung.de\/osnabrueck\/wp-content\/uploads\/sites\/21\/2024\/08\/20240718_150349-1024x576.jpg 1024w, https:\/\/www.erneuerung.de\/osnabrueck\/wp-content\/uploads\/sites\/21\/2024\/08\/20240718_150349-768x432.jpg 768w, https:\/\/www.erneuerung.de\/osnabrueck\/wp-content\/uploads\/sites\/21\/2024\/08\/20240718_150349-1536x864.jpg 1536w, https:\/\/www.erneuerung.de\/osnabrueck\/wp-content\/uploads\/sites\/21\/2024\/08\/20240718_150349-2048x1152.jpg 2048w, https:\/\/www.erneuerung.de\/osnabrueck\/wp-content\/uploads\/sites\/21\/2024\/08\/20240718_150349-600x338.jpg 600w\" sizes=\"(max-width: 300px) 100vw, 300px\" \/><\/figure><\/div>\r\n<p>Zu zehn Frauen, \u00fcberwiegend im Flachland zu Hause, verlebten wir vom 15. bis 21. Juli eine st\u00e4rkende Sommerfreizeit im \u201eLand der 1000 Berge\u201c. Als solches ist das Sauerland bekannt. Im Bergkloster Bestwig, einem Kloster der Schwestern der heiligen Maria Magdalena Postel, fanden wir eine gute Herberge vor. Leibhaft erlebten wir die Sauerl\u00e4nder Berge bei k\u00fcrzeren oder l\u00e4ngeren Spazierg\u00e4ngen. Die Schatten spendende Terrasse im Haus der Begegnung bot uns einen wohltuenden Ort zum Ausruhen und Beisammensein. Viel Freude und gesellige Gemeinschaft hatten wir an den Abenden beim Spielen von Romm\u00e9 oder Rummikub.<\/p>\r\n<p>Um Berge ging es in der t\u00e4glichen Lobpreis- und Impulszeit, ausgehend vom Thema dieser Tage: \u201eIch hebe meine Augen auf zu den Bergen\u201c. Marie-Luise Winter und Schwester Klara Maria Breuer f\u00fchrten in biblische Erz\u00e4hlungen zum Berg Sinai, auch Horeb genannt, zum Karmelgebirge und zum Berg Tabor ein. Die Impulse vertieften wir im Austausch dar\u00fcber, was sie uns f\u00fcr unsere eigenen Bez\u00fcge sagen. Wir folgten den Wegen des Moses und des Elija sowie dem Aufstieg Jesu mit seinen J\u00fcngern auf den Berg der<\/p>\r\n<p><img width=\"1440\" height=\"2560\" class=\"wp-image-1830 alignleft\" style=\"width: 150px\" src=\"https:\/\/www.erneuerung.de\/osnabrueck\/wp-content\/uploads\/sites\/21\/2024\/08\/20240718_113104-scaled.jpg\" alt=\"\" srcset=\"https:\/\/www.erneuerung.de\/osnabrueck\/wp-content\/uploads\/sites\/21\/2024\/08\/20240718_113104-scaled.jpg 1440w, https:\/\/www.erneuerung.de\/osnabrueck\/wp-content\/uploads\/sites\/21\/2024\/08\/20240718_113104-169x300.jpg 169w, https:\/\/www.erneuerung.de\/osnabrueck\/wp-content\/uploads\/sites\/21\/2024\/08\/20240718_113104-576x1024.jpg 576w, https:\/\/www.erneuerung.de\/osnabrueck\/wp-content\/uploads\/sites\/21\/2024\/08\/20240718_113104-768x1365.jpg 768w, https:\/\/www.erneuerung.de\/osnabrueck\/wp-content\/uploads\/sites\/21\/2024\/08\/20240718_113104-864x1536.jpg 864w, https:\/\/www.erneuerung.de\/osnabrueck\/wp-content\/uploads\/sites\/21\/2024\/08\/20240718_113104-1152x2048.jpg 1152w, https:\/\/www.erneuerung.de\/osnabrueck\/wp-content\/uploads\/sites\/21\/2024\/08\/20240718_113104-600x1067.jpg 600w\" sizes=\"(max-width: 1440px) 100vw, 1440px\" \/><\/p>\r\n<p>Verkl\u00e4rung. Wir entdeckten Spuren von Gottes Heilsgeschichte mit den Menschen, wie sie vom Alten bis ins Neue Testament reichen sowie dar\u00fcber hinaus ins Heute und ins pers\u00f6nliche Leben. Dass Gottes Herrlichkeit an uns sichtbar werden will, lie\u00dfen wir uns durch Jesu Worte in seinem Abschiedsgebet (siehe Johannes 17,22) zusprechen. Paulus best\u00e4rkte uns darin, durch das Wirken des Heiligen Geistes immer mehr Anteil an der Herrlichkeit des Herrn zu bekommen (siehe 2 Kor 3,17+18).<\/p>\r\n<p>\u201eGott will, dass wir unsere ganze Hoffnung allein auf Ihn setzen und dann erfahren: &#8218;Der Herr beh\u00fctet dich vor allem B\u00f6sen, er beh\u00fctet dein Leben. Der Herr beh\u00fctet dein Gehen und dein Kommen von nun an bis in Ewigkeit&#8217;\u201c, gab uns Marie-Luise Winter am letzten Tag aus Psalm 121 mit auf den Weg. Gut ger\u00fcstet durch die gemeinsame Zeit brachen wir am Sonntagmittag an unsere jeweiligen Alltagsorte auf. So Gott will, werden wir n\u00e4chstes Jahr wiederkommen. Eine Sommerfreizeit im Bergkloster Bestwig haben wir dort f\u00fcr Juli 2025 schon gebucht.<\/p>\r\n\r\n\r\n\r\n<p><em>Schwester Klara Maria Breuer smmp<\/em><\/p>\r\n<p>[\/vc_column_text][\/vc_column][\/vc_row]<\/p><\/div>","protected":false},"excerpt":{"rendered":"<p>[vc_row][vc_column][vc_column_text] Sommerfreizeit der CE M\u00fcnster \/ Osnabr\u00fcck im Bergkloster Bestwig Zu zehn Frauen, \u00fcberwiegend im Flachland zu Hause, verlebten wir&#8230;<\/p>\n","protected":false},"author":609,"featured_media":1825,"comment_status":"closed","ping_status":"closed","sticky":false,"template":"","format":"standard","meta":{"footnotes":""},"categories":[1],"tags":[],"class_list":{"0":"post-1824","1":"post","2":"type-post","3":"status-publish","4":"format-standard","5":"has-post-thumbnail","7":"category-allgemein"},"post_mailing_queue_ids":[],"menu_order":0,"_links":{"self":[{"href":"https:\/\/www.erneuerung.de\/osnabrueck\/wp-json\/wp\/v2\/posts\/1824","targetHints":{"allow":["GET"]}}],"collection":[{"href":"https:\/\/www.erneuerung.de\/osnabrueck\/wp-json\/wp\/v2\/posts"}],"about":[{"href":"https:\/\/www.erneuerung.de\/osnabrueck\/wp-json\/wp\/v2\/types\/post"}],"author":[{"embeddable":true,"href":"https:\/\/www.erneuerung.de\/osnabrueck\/wp-json\/wp\/v2\/users\/609"}],"replies":[{"embeddable":true,"href":"https:\/\/www.erneuerung.de\/osnabrueck\/wp-json\/wp\/v2\/comments?post=1824"}],"version-history":[{"count":11,"href":"https:\/\/www.erneuerung.de\/osnabrueck\/wp-json\/wp\/v2\/posts\/1824\/revisions"}],"predecessor-version":[{"id":1842,"href":"https:\/\/www.erneuerung.de\/osnabrueck\/wp-json\/wp\/v2\/posts\/1824\/revisions\/1842"}],"wp:featuredmedia":[{"embeddable":true,"href":"https:\/\/www.erneuerung.de\/osnabrueck\/wp-json\/wp\/v2\/media\/1825"}],"wp:attachment":[{"href":"https:\/\/www.erneuerung.de\/osnabrueck\/wp-json\/wp\/v2\/media?parent=1824"}],"wp:term":[{"taxonomy":"category","embeddable":true,"href":"https:\/\/www.erneuerung.de\/osnabrueck\/wp-json\/wp\/v2\/categories?post=1824"},{"taxonomy":"post_tag","embeddable":true,"href":"https:\/\/www.erneuerung.de\/osnabrueck\/wp-json\/wp\/v2\/tags?post=1824"}],"curies":[{"name":"wp","href":"https:\/\/api.w.org\/{rel}","templated":true}]}}