{"id":1794,"date":"2024-03-06T16:38:42","date_gmt":"2024-03-06T15:38:42","guid":{"rendered":"https:\/\/www.erneuerung.de\/osnabrueck\/?p=1794"},"modified":"2024-03-06T16:38:42","modified_gmt":"2024-03-06T15:38:42","slug":"sommerfreizeit-der-ce-ms-2024","status":"publish","type":"post","link":"https:\/\/www.erneuerung.de\/osnabrueck\/2024\/03\/06\/sommerfreizeit-der-ce-ms-2024\/","title":{"rendered":"SOMMERFREIZEIT DER CE MS 2024"},"content":{"rendered":"<p><strong>Ich hebe meine Augen auf zu den Bergen,<\/strong> Ps 121,<\/p>\n<p>das ist das Thema unter dem unsere diesj\u00e4hrige Sommerfreizeit stattfindet und zwar im Bergkloster Bestwig.<br \/>\nDas Bergkloster Bestwig liegt im Sauerland in der N\u00e4he von Meschede und ist Ideal als ein Ort, um zur Ruhe zu kommen, aufzutanken und mit netten Menschen gemeinsam Zeit zu verbringen.<br \/>\nJeden Tag gibt es einen geistlichen Impuls mit Austausch, eine Gebets- und Lobpreiszeit und die M\u00f6glichkeit an der t\u00e4glichen Eucharistiefeier der Schwestern teilzunehmen. Die freie Zeit kann man allein mit sich und Gott oder auch den anderen Teilnehmern verbringen. In der N\u00e4he des Klosters gibt es auch ein Schwimmbad und viele Wanderwege.<br \/>\nDie Sommerfreizeit ist f\u00fcr jeden offen, eine Kinderbetreuung findet aber nicht statt.<\/p>\n<p><u>Datum<\/u>: 15.07-21.07.2024<br \/>\n<u>Kosten<\/u>: 500\u20ac (EZ m. Du\/WC, VP)<br \/>\n<u>Anschrift<\/u>:\u00a0Bergkloster Bestwig,\u00a0Zum Bergkloster,\u00a059909 Bestwig<\/p>\n<p><strong>Anmeldung<\/strong> sp\u00e4testens bis zum <strong>15.05.2024 bei\u00a0<\/strong><strong>M.-L. Winter: 02861\/924986, Im Piepershagen 4, 46325 Borken, mlwinter@web.de<\/strong><\/p>\n<p><strong>Besondere Verpflegungsw\u00fcnsche bitte gleichzeitig mitteilen!<br \/>\n<\/strong><strong>Bei sp\u00e4terem R\u00fccktritt fallen Stornogeb\u00fchren an.<\/strong><\/p>\n","protected":false},"excerpt":{"rendered":"<p>Ich hebe meine Augen auf zu den Bergen, Ps 121, das ist das Thema unter dem unsere diesj\u00e4hrige Sommerfreizeit stattfindet&#8230;<\/p>\n","protected":false},"author":609,"featured_media":1795,"comment_status":"closed","ping_status":"closed","sticky":false,"template":"","format":"standard","meta":{"footnotes":""},"categories":[1],"tags":[],"class_list":{"0":"post-1794","1":"post","2":"type-post","3":"status-publish","4":"format-standard","5":"has-post-thumbnail","7":"category-allgemein"},"post_mailing_queue_ids":[],"menu_order":0,"_links":{"self":[{"href":"https:\/\/www.erneuerung.de\/osnabrueck\/wp-json\/wp\/v2\/posts\/1794","targetHints":{"allow":["GET"]}}],"collection":[{"href":"https:\/\/www.erneuerung.de\/osnabrueck\/wp-json\/wp\/v2\/posts"}],"about":[{"href":"https:\/\/www.erneuerung.de\/osnabrueck\/wp-json\/wp\/v2\/types\/post"}],"author":[{"embeddable":true,"href":"https:\/\/www.erneuerung.de\/osnabrueck\/wp-json\/wp\/v2\/users\/609"}],"replies":[{"embeddable":true,"href":"https:\/\/www.erneuerung.de\/osnabrueck\/wp-json\/wp\/v2\/comments?post=1794"}],"version-history":[{"count":1,"href":"https:\/\/www.erneuerung.de\/osnabrueck\/wp-json\/wp\/v2\/posts\/1794\/revisions"}],"predecessor-version":[{"id":1796,"href":"https:\/\/www.erneuerung.de\/osnabrueck\/wp-json\/wp\/v2\/posts\/1794\/revisions\/1796"}],"wp:featuredmedia":[{"embeddable":true,"href":"https:\/\/www.erneuerung.de\/osnabrueck\/wp-json\/wp\/v2\/media\/1795"}],"wp:attachment":[{"href":"https:\/\/www.erneuerung.de\/osnabrueck\/wp-json\/wp\/v2\/media?parent=1794"}],"wp:term":[{"taxonomy":"category","embeddable":true,"href":"https:\/\/www.erneuerung.de\/osnabrueck\/wp-json\/wp\/v2\/categories?post=1794"},{"taxonomy":"post_tag","embeddable":true,"href":"https:\/\/www.erneuerung.de\/osnabrueck\/wp-json\/wp\/v2\/tags?post=1794"}],"curies":[{"name":"wp","href":"https:\/\/api.w.org\/{rel}","templated":true}]}}