{"id":1386,"date":"2022-05-24T10:50:33","date_gmt":"2022-05-24T08:50:33","guid":{"rendered":"https:\/\/www.erneuerung.de\/osnabrueck\/?p=1386"},"modified":"2022-06-02T11:35:22","modified_gmt":"2022-06-02T09:35:22","slug":"102-deutschen-katholikentag-in-stuttgart","status":"publish","type":"post","link":"https:\/\/www.erneuerung.de\/osnabrueck\/2022\/05\/24\/102-deutschen-katholikentag-in-stuttgart\/","title":{"rendered":"102. Deutschen Katholikentag in Stuttgart"},"content":{"rendered":"<p>&#8230; Wir waren da!! Ein tollen Erlebnis &#8230;<\/p>\n<p><strong>Leben teilen \u2013 Katholikentag 2022<\/strong><\/p>\n<p>Er war anders dieser Katholikentag als fr\u00fchere, leiser, mit deutlich weniger Besuchern, weniger sichtbar in der Stadt und in der U-Bahn.<\/p>\n<p>Und doch, die Menschen, die unterwegs waren, stellten Fragen und suchten Antworten und das taten sie laut und deutlich.<\/p>\n<p>Die CE war mit ihrem Stand im Oberen Schlossgarten nahe bei den anderen Geistlichen Gemeinschaften positioniert, etwas abseits, daf\u00fcr gab es aber einen gro\u00dfen, freien Platz direkt vor dem Opernhaus. Den haben wir genutzt. Eine Gruppe junger Leute vom Gebetshaus Augsburg war da und hat evangelisiert, mit Lobpreis, begleitet von P. Adrian Kunert und sehr lebendigen, mutmachenden Zeugnissen. Sie teilten wirklich Leben und verk\u00fcndeten einen lebendigen Gott, dem nicht egal ist, ob und wie wir leben, sondern der uns sieht und sich k\u00fcmmert und segnet. Gleichzeitig wurden \u201eGl\u00fcckskekse\u201c mit Bibelspr\u00fcchen an alle Vorbeilaufenden verteilt und es gab gute und vielf\u00e4ltige Gelegenheit mit den Menschen ins Gespr\u00e4ch zu kommen. Manche lie\u00dfen sich segnen oder f\u00fcr sich beten und nahmen unsere zahlreichen Info-Materialien in Anspruch.<\/p>\n<p>Wir hatten dort eine gute und gesegnete Zeit, die am Samstagabend mit einem Lobpreisgottesdienst in einer gut gef\u00fcllten Kirche abschloss.<\/p>\n<div id='gallery-1' class='gallery galleryid-1386 gallery-columns-4 gallery-size-thumbnail'><figure class='gallery-item'>\n\t\t\t<div class='gallery-icon landscape'>\n\t\t\t\t<a href='https:\/\/www.erneuerung.de\/osnabrueck\/2022\/05\/24\/102-deutschen-katholikentag-in-stuttgart\/img_2791\/'><img width=\"150\" height=\"150\" src=\"https:\/\/www.erneuerung.de\/osnabrueck\/wp-content\/uploads\/sites\/21\/2022\/05\/IMG_2791-150x150.jpg\" class=\"attachment-thumbnail size-thumbnail\" alt=\"Katholikentag 2022 - EIndr\u00fccke\" aria-describedby=\"gallery-1-1427\" srcset=\"https:\/\/www.erneuerung.de\/osnabrueck\/wp-content\/uploads\/sites\/21\/2022\/05\/IMG_2791-150x150.jpg 150w, https:\/\/www.erneuerung.de\/osnabrueck\/wp-content\/uploads\/sites\/21\/2022\/05\/IMG_2791-256x256.jpg 256w, https:\/\/www.erneuerung.de\/osnabrueck\/wp-content\/uploads\/sites\/21\/2022\/05\/IMG_2791-300x300.jpg 300w, https:\/\/www.erneuerung.de\/osnabrueck\/wp-content\/uploads\/sites\/21\/2022\/05\/IMG_2791-100x100.jpg 100w\" sizes=\"(max-width: 150px) 100vw, 150px\" \/><\/a>\n\t\t\t<\/div>\n\t\t\t\t<figcaption class='wp-caption-text gallery-caption' id='gallery-1-1427'>\n\t\t\t\tKatholikentag 2022 &#8211; EIndr\u00fccke\n\t\t\t\t<\/figcaption><\/figure><figure class='gallery-item'>\n\t\t\t<div class='gallery-icon landscape'>\n\t\t\t\t<a href='https:\/\/www.erneuerung.de\/osnabrueck\/2022\/05\/24\/102-deutschen-katholikentag-in-stuttgart\/attachment\/1653680314692\/'><img width=\"150\" height=\"150\" src=\"https:\/\/www.erneuerung.de\/osnabrueck\/wp-content\/uploads\/sites\/21\/2022\/05\/1653680314692-150x150.jpg\" class=\"attachment-thumbnail size-thumbnail\" alt=\"Katholikentag 2022 - EIndr\u00fccke\" aria-describedby=\"gallery-1-1416\" srcset=\"https:\/\/www.erneuerung.de\/osnabrueck\/wp-content\/uploads\/sites\/21\/2022\/05\/1653680314692-150x150.jpg 150w, https:\/\/www.erneuerung.de\/osnabrueck\/wp-content\/uploads\/sites\/21\/2022\/05\/1653680314692-256x256.jpg 256w, https:\/\/www.erneuerung.de\/osnabrueck\/wp-content\/uploads\/sites\/21\/2022\/05\/1653680314692-300x300.jpg 300w, https:\/\/www.erneuerung.de\/osnabrueck\/wp-content\/uploads\/sites\/21\/2022\/05\/1653680314692-100x100.jpg 100w\" sizes=\"(max-width: 150px) 100vw, 150px\" \/><\/a>\n\t\t\t<\/div>\n\t\t\t\t<figcaption class='wp-caption-text gallery-caption' id='gallery-1-1416'>\n\t\t\t\tKatholikentag 2022 &#8211; EIndr\u00fccke\n\t\t\t\t<\/figcaption><\/figure><figure class='gallery-item'>\n\t\t\t<div class='gallery-icon landscape'>\n\t\t\t\t<a href='https:\/\/www.erneuerung.de\/osnabrueck\/2022\/05\/24\/102-deutschen-katholikentag-in-stuttgart\/attachment\/1653597457506\/'><img width=\"150\" height=\"150\" src=\"https:\/\/www.erneuerung.de\/osnabrueck\/wp-content\/uploads\/sites\/21\/2022\/05\/1653597457506-150x150.jpg\" class=\"attachment-thumbnail size-thumbnail\" alt=\"Katholikentag 2022 - EIndr\u00fccke\" aria-describedby=\"gallery-1-1411\" srcset=\"https:\/\/www.erneuerung.de\/osnabrueck\/wp-content\/uploads\/sites\/21\/2022\/05\/1653597457506-150x150.jpg 150w, https:\/\/www.erneuerung.de\/osnabrueck\/wp-content\/uploads\/sites\/21\/2022\/05\/1653597457506-256x256.jpg 256w, https:\/\/www.erneuerung.de\/osnabrueck\/wp-content\/uploads\/sites\/21\/2022\/05\/1653597457506-300x300.jpg 300w, https:\/\/www.erneuerung.de\/osnabrueck\/wp-content\/uploads\/sites\/21\/2022\/05\/1653597457506-100x100.jpg 100w\" sizes=\"(max-width: 150px) 100vw, 150px\" \/><\/a>\n\t\t\t<\/div>\n\t\t\t\t<figcaption class='wp-caption-text gallery-caption' id='gallery-1-1411'>\n\t\t\t\tKatholikentag 2022 &#8211; EIndr\u00fccke\n\t\t\t\t<\/figcaption><\/figure><figure class='gallery-item'>\n\t\t\t<div class='gallery-icon landscape'>\n\t\t\t\t<a href='https:\/\/www.erneuerung.de\/osnabrueck\/2022\/05\/24\/102-deutschen-katholikentag-in-stuttgart\/attachment\/1653597488423\/'><img width=\"150\" height=\"150\" src=\"https:\/\/www.erneuerung.de\/osnabrueck\/wp-content\/uploads\/sites\/21\/2022\/05\/1653597488423-150x150.jpg\" class=\"attachment-thumbnail size-thumbnail\" alt=\"Katholikentag 2022 - EIndr\u00fccke\" aria-describedby=\"gallery-1-1412\" srcset=\"https:\/\/www.erneuerung.de\/osnabrueck\/wp-content\/uploads\/sites\/21\/2022\/05\/1653597488423-150x150.jpg 150w, https:\/\/www.erneuerung.de\/osnabrueck\/wp-content\/uploads\/sites\/21\/2022\/05\/1653597488423-256x256.jpg 256w, https:\/\/www.erneuerung.de\/osnabrueck\/wp-content\/uploads\/sites\/21\/2022\/05\/1653597488423-300x300.jpg 300w, https:\/\/www.erneuerung.de\/osnabrueck\/wp-content\/uploads\/sites\/21\/2022\/05\/1653597488423-100x100.jpg 100w\" sizes=\"(max-width: 150px) 100vw, 150px\" \/><\/a>\n\t\t\t<\/div>\n\t\t\t\t<figcaption class='wp-caption-text gallery-caption' id='gallery-1-1412'>\n\t\t\t\tKatholikentag 2022 &#8211; EIndr\u00fccke\n\t\t\t\t<\/figcaption><\/figure><figure class='gallery-item'>\n\t\t\t<div class='gallery-icon landscape'>\n\t\t\t\t<a href='https:\/\/www.erneuerung.de\/osnabrueck\/2022\/05\/24\/102-deutschen-katholikentag-in-stuttgart\/attachment\/1653685989138\/'><img width=\"150\" height=\"150\" src=\"https:\/\/www.erneuerung.de\/osnabrueck\/wp-content\/uploads\/sites\/21\/2022\/05\/1653685989138-150x150.jpg\" class=\"attachment-thumbnail size-thumbnail\" alt=\"Katholikentag 2022 - EIndr\u00fccke\" aria-describedby=\"gallery-1-1422\" srcset=\"https:\/\/www.erneuerung.de\/osnabrueck\/wp-content\/uploads\/sites\/21\/2022\/05\/1653685989138-150x150.jpg 150w, https:\/\/www.erneuerung.de\/osnabrueck\/wp-content\/uploads\/sites\/21\/2022\/05\/1653685989138-256x256.jpg 256w, https:\/\/www.erneuerung.de\/osnabrueck\/wp-content\/uploads\/sites\/21\/2022\/05\/1653685989138-300x300.jpg 300w, https:\/\/www.erneuerung.de\/osnabrueck\/wp-content\/uploads\/sites\/21\/2022\/05\/1653685989138-100x100.jpg 100w\" sizes=\"(max-width: 150px) 100vw, 150px\" \/><\/a>\n\t\t\t<\/div>\n\t\t\t\t<figcaption class='wp-caption-text gallery-caption' id='gallery-1-1422'>\n\t\t\t\tKatholikentag 2022 &#8211; EIndr\u00fccke\n\t\t\t\t<\/figcaption><\/figure><figure class='gallery-item'>\n\t\t\t<div class='gallery-icon landscape'>\n\t\t\t\t<a href='https:\/\/www.erneuerung.de\/osnabrueck\/2022\/05\/24\/102-deutschen-katholikentag-in-stuttgart\/attachment\/1653817587597\/'><img width=\"150\" height=\"150\" src=\"https:\/\/www.erneuerung.de\/osnabrueck\/wp-content\/uploads\/sites\/21\/2022\/05\/1653817587597-150x150.jpg\" class=\"attachment-thumbnail size-thumbnail\" alt=\"Katholikentag 2022 - EIndr\u00fccke\" aria-describedby=\"gallery-1-1424\" srcset=\"https:\/\/www.erneuerung.de\/osnabrueck\/wp-content\/uploads\/sites\/21\/2022\/05\/1653817587597-150x150.jpg 150w, https:\/\/www.erneuerung.de\/osnabrueck\/wp-content\/uploads\/sites\/21\/2022\/05\/1653817587597-256x256.jpg 256w, https:\/\/www.erneuerung.de\/osnabrueck\/wp-content\/uploads\/sites\/21\/2022\/05\/1653817587597-300x300.jpg 300w, https:\/\/www.erneuerung.de\/osnabrueck\/wp-content\/uploads\/sites\/21\/2022\/05\/1653817587597-100x100.jpg 100w\" sizes=\"(max-width: 150px) 100vw, 150px\" \/><\/a>\n\t\t\t<\/div>\n\t\t\t\t<figcaption class='wp-caption-text gallery-caption' id='gallery-1-1424'>\n\t\t\t\tKatholikentag 2022 &#8211; EIndr\u00fccke\n\t\t\t\t<\/figcaption><\/figure><figure class='gallery-item'>\n\t\t\t<div class='gallery-icon landscape'>\n\t\t\t\t<a href='https:\/\/www.erneuerung.de\/osnabrueck\/2022\/05\/24\/102-deutschen-katholikentag-in-stuttgart\/attachment\/1653680349987\/'><img width=\"150\" height=\"150\" src=\"https:\/\/www.erneuerung.de\/osnabrueck\/wp-content\/uploads\/sites\/21\/2022\/05\/1653680349987-150x150.jpg\" class=\"attachment-thumbnail size-thumbnail\" alt=\"Katholikentag 2022 - EIndr\u00fccke\" aria-describedby=\"gallery-1-1417\" srcset=\"https:\/\/www.erneuerung.de\/osnabrueck\/wp-content\/uploads\/sites\/21\/2022\/05\/1653680349987-150x150.jpg 150w, https:\/\/www.erneuerung.de\/osnabrueck\/wp-content\/uploads\/sites\/21\/2022\/05\/1653680349987-256x256.jpg 256w, https:\/\/www.erneuerung.de\/osnabrueck\/wp-content\/uploads\/sites\/21\/2022\/05\/1653680349987-300x300.jpg 300w, https:\/\/www.erneuerung.de\/osnabrueck\/wp-content\/uploads\/sites\/21\/2022\/05\/1653680349987-100x100.jpg 100w\" sizes=\"(max-width: 150px) 100vw, 150px\" \/><\/a>\n\t\t\t<\/div>\n\t\t\t\t<figcaption class='wp-caption-text gallery-caption' id='gallery-1-1417'>\n\t\t\t\tKatholikentag 2022 &#8211; EIndr\u00fccke\n\t\t\t\t<\/figcaption><\/figure><figure class='gallery-item'>\n\t\t\t<div class='gallery-icon landscape'>\n\t\t\t\t<a href='https:\/\/www.erneuerung.de\/osnabrueck\/2022\/05\/24\/102-deutschen-katholikentag-in-stuttgart\/attachment\/1653597488447\/'><img width=\"150\" height=\"150\" src=\"https:\/\/www.erneuerung.de\/osnabrueck\/wp-content\/uploads\/sites\/21\/2022\/05\/1653597488447-150x150.jpg\" class=\"attachment-thumbnail size-thumbnail\" alt=\"Katholikentag 2022 - EIndr\u00fccke\" aria-describedby=\"gallery-1-1414\" srcset=\"https:\/\/www.erneuerung.de\/osnabrueck\/wp-content\/uploads\/sites\/21\/2022\/05\/1653597488447-150x150.jpg 150w, https:\/\/www.erneuerung.de\/osnabrueck\/wp-content\/uploads\/sites\/21\/2022\/05\/1653597488447-256x256.jpg 256w, https:\/\/www.erneuerung.de\/osnabrueck\/wp-content\/uploads\/sites\/21\/2022\/05\/1653597488447-300x300.jpg 300w, https:\/\/www.erneuerung.de\/osnabrueck\/wp-content\/uploads\/sites\/21\/2022\/05\/1653597488447-100x100.jpg 100w\" sizes=\"(max-width: 150px) 100vw, 150px\" \/><\/a>\n\t\t\t<\/div>\n\t\t\t\t<figcaption class='wp-caption-text gallery-caption' id='gallery-1-1414'>\n\t\t\t\tKatholikentag 2022 &#8211; EIndr\u00fccke\n\t\t\t\t<\/figcaption><\/figure><figure class='gallery-item'>\n\t\t\t<div class='gallery-icon landscape'>\n\t\t\t\t<a href='https:\/\/www.erneuerung.de\/osnabrueck\/2022\/05\/24\/102-deutschen-katholikentag-in-stuttgart\/img_2792\/'><img width=\"150\" height=\"150\" src=\"https:\/\/www.erneuerung.de\/osnabrueck\/wp-content\/uploads\/sites\/21\/2022\/05\/IMG_2792-150x150.jpg\" class=\"attachment-thumbnail size-thumbnail\" alt=\"Katholikentag 2022 - EIndr\u00fccke\" aria-describedby=\"gallery-1-1428\" srcset=\"https:\/\/www.erneuerung.de\/osnabrueck\/wp-content\/uploads\/sites\/21\/2022\/05\/IMG_2792-150x150.jpg 150w, https:\/\/www.erneuerung.de\/osnabrueck\/wp-content\/uploads\/sites\/21\/2022\/05\/IMG_2792-256x256.jpg 256w, https:\/\/www.erneuerung.de\/osnabrueck\/wp-content\/uploads\/sites\/21\/2022\/05\/IMG_2792-300x300.jpg 300w, https:\/\/www.erneuerung.de\/osnabrueck\/wp-content\/uploads\/sites\/21\/2022\/05\/IMG_2792-100x100.jpg 100w\" sizes=\"(max-width: 150px) 100vw, 150px\" \/><\/a>\n\t\t\t<\/div>\n\t\t\t\t<figcaption class='wp-caption-text gallery-caption' id='gallery-1-1428'>\n\t\t\t\tKatholikentag 2022 &#8211; EIndr\u00fccke\n\t\t\t\t<\/figcaption><\/figure><figure class='gallery-item'>\n\t\t\t<div class='gallery-icon landscape'>\n\t\t\t\t<a href='https:\/\/www.erneuerung.de\/osnabrueck\/2022\/05\/24\/102-deutschen-katholikentag-in-stuttgart\/attachment\/1653680377568\/'><img width=\"150\" height=\"150\" src=\"https:\/\/www.erneuerung.de\/osnabrueck\/wp-content\/uploads\/sites\/21\/2022\/05\/1653680377568-150x150.jpg\" class=\"attachment-thumbnail size-thumbnail\" alt=\"Katholikentag 2022 - EIndr\u00fccke\" aria-describedby=\"gallery-1-1419\" srcset=\"https:\/\/www.erneuerung.de\/osnabrueck\/wp-content\/uploads\/sites\/21\/2022\/05\/1653680377568-150x150.jpg 150w, https:\/\/www.erneuerung.de\/osnabrueck\/wp-content\/uploads\/sites\/21\/2022\/05\/1653680377568-256x256.jpg 256w, https:\/\/www.erneuerung.de\/osnabrueck\/wp-content\/uploads\/sites\/21\/2022\/05\/1653680377568-300x300.jpg 300w, https:\/\/www.erneuerung.de\/osnabrueck\/wp-content\/uploads\/sites\/21\/2022\/05\/1653680377568-100x100.jpg 100w\" sizes=\"(max-width: 150px) 100vw, 150px\" \/><\/a>\n\t\t\t<\/div>\n\t\t\t\t<figcaption class='wp-caption-text gallery-caption' id='gallery-1-1419'>\n\t\t\t\tKatholikentag 2022 &#8211; EIndr\u00fccke\n\t\t\t\t<\/figcaption><\/figure><figure class='gallery-item'>\n\t\t\t<div class='gallery-icon landscape'>\n\t\t\t\t<a href='https:\/\/www.erneuerung.de\/osnabrueck\/2022\/05\/24\/102-deutschen-katholikentag-in-stuttgart\/attachment\/1653597488428\/'><img width=\"150\" height=\"150\" src=\"https:\/\/www.erneuerung.de\/osnabrueck\/wp-content\/uploads\/sites\/21\/2022\/05\/1653597488428-150x150.jpg\" class=\"attachment-thumbnail size-thumbnail\" alt=\"Katholikentag 2022 - EIndr\u00fccke\" aria-describedby=\"gallery-1-1413\" srcset=\"https:\/\/www.erneuerung.de\/osnabrueck\/wp-content\/uploads\/sites\/21\/2022\/05\/1653597488428-150x150.jpg 150w, https:\/\/www.erneuerung.de\/osnabrueck\/wp-content\/uploads\/sites\/21\/2022\/05\/1653597488428-256x256.jpg 256w, https:\/\/www.erneuerung.de\/osnabrueck\/wp-content\/uploads\/sites\/21\/2022\/05\/1653597488428-300x300.jpg 300w, https:\/\/www.erneuerung.de\/osnabrueck\/wp-content\/uploads\/sites\/21\/2022\/05\/1653597488428-100x100.jpg 100w\" sizes=\"(max-width: 150px) 100vw, 150px\" \/><\/a>\n\t\t\t<\/div>\n\t\t\t\t<figcaption class='wp-caption-text gallery-caption' id='gallery-1-1413'>\n\t\t\t\tKatholikentag 2022 &#8211; EIndr\u00fccke\n\t\t\t\t<\/figcaption><\/figure><figure class='gallery-item'>\n\t\t\t<div class='gallery-icon landscape'>\n\t\t\t\t<a href='https:\/\/www.erneuerung.de\/osnabrueck\/2022\/05\/24\/102-deutschen-katholikentag-in-stuttgart\/img_2789\/'><img width=\"150\" height=\"150\" src=\"https:\/\/www.erneuerung.de\/osnabrueck\/wp-content\/uploads\/sites\/21\/2022\/05\/IMG_2789-150x150.jpg\" class=\"attachment-thumbnail size-thumbnail\" alt=\"Katholikentag 2022 - EIndr\u00fccke\" aria-describedby=\"gallery-1-1426\" srcset=\"https:\/\/www.erneuerung.de\/osnabrueck\/wp-content\/uploads\/sites\/21\/2022\/05\/IMG_2789-150x150.jpg 150w, https:\/\/www.erneuerung.de\/osnabrueck\/wp-content\/uploads\/sites\/21\/2022\/05\/IMG_2789-256x256.jpg 256w, https:\/\/www.erneuerung.de\/osnabrueck\/wp-content\/uploads\/sites\/21\/2022\/05\/IMG_2789-300x300.jpg 300w, https:\/\/www.erneuerung.de\/osnabrueck\/wp-content\/uploads\/sites\/21\/2022\/05\/IMG_2789-100x100.jpg 100w\" sizes=\"(max-width: 150px) 100vw, 150px\" \/><\/a>\n\t\t\t<\/div>\n\t\t\t\t<figcaption class='wp-caption-text gallery-caption' id='gallery-1-1426'>\n\t\t\t\tKatholikentag 2022 &#8211; EIndr\u00fccke\n\t\t\t\t<\/figcaption><\/figure><figure class='gallery-item'>\n\t\t\t<div class='gallery-icon portrait'>\n\t\t\t\t<a href='https:\/\/www.erneuerung.de\/osnabrueck\/2022\/05\/24\/102-deutschen-katholikentag-in-stuttgart\/attachment\/1653685989141\/'><img width=\"150\" height=\"150\" src=\"https:\/\/www.erneuerung.de\/osnabrueck\/wp-content\/uploads\/sites\/21\/2022\/05\/1653685989141-150x150.jpg\" class=\"attachment-thumbnail size-thumbnail\" alt=\"Katholikentag 2022 - EIndr\u00fccke\" aria-describedby=\"gallery-1-1423\" srcset=\"https:\/\/www.erneuerung.de\/osnabrueck\/wp-content\/uploads\/sites\/21\/2022\/05\/1653685989141-150x150.jpg 150w, https:\/\/www.erneuerung.de\/osnabrueck\/wp-content\/uploads\/sites\/21\/2022\/05\/1653685989141-256x256.jpg 256w, https:\/\/www.erneuerung.de\/osnabrueck\/wp-content\/uploads\/sites\/21\/2022\/05\/1653685989141-300x300.jpg 300w, https:\/\/www.erneuerung.de\/osnabrueck\/wp-content\/uploads\/sites\/21\/2022\/05\/1653685989141-100x100.jpg 100w\" sizes=\"(max-width: 150px) 100vw, 150px\" \/><\/a>\n\t\t\t<\/div>\n\t\t\t\t<figcaption class='wp-caption-text gallery-caption' id='gallery-1-1423'>\n\t\t\t\tKatholikentag 2022 &#8211; EIndr\u00fccke\n\t\t\t\t<\/figcaption><\/figure><figure class='gallery-item'>\n\t\t\t<div class='gallery-icon portrait'>\n\t\t\t\t<a href='https:\/\/www.erneuerung.de\/osnabrueck\/2022\/05\/24\/102-deutschen-katholikentag-in-stuttgart\/attachment\/1653685989134\/'><img width=\"150\" height=\"150\" src=\"https:\/\/www.erneuerung.de\/osnabrueck\/wp-content\/uploads\/sites\/21\/2022\/05\/1653685989134-150x150.jpg\" class=\"attachment-thumbnail size-thumbnail\" alt=\"Katholikentag 2022 - EIndr\u00fccke\" aria-describedby=\"gallery-1-1421\" srcset=\"https:\/\/www.erneuerung.de\/osnabrueck\/wp-content\/uploads\/sites\/21\/2022\/05\/1653685989134-150x150.jpg 150w, https:\/\/www.erneuerung.de\/osnabrueck\/wp-content\/uploads\/sites\/21\/2022\/05\/1653685989134-256x256.jpg 256w, https:\/\/www.erneuerung.de\/osnabrueck\/wp-content\/uploads\/sites\/21\/2022\/05\/1653685989134-300x300.jpg 300w, https:\/\/www.erneuerung.de\/osnabrueck\/wp-content\/uploads\/sites\/21\/2022\/05\/1653685989134-100x100.jpg 100w\" sizes=\"(max-width: 150px) 100vw, 150px\" \/><\/a>\n\t\t\t<\/div>\n\t\t\t\t<figcaption class='wp-caption-text gallery-caption' id='gallery-1-1421'>\n\t\t\t\tKatholikentag 2022 &#8211; EIndr\u00fccke\n\t\t\t\t<\/figcaption><\/figure><figure class='gallery-item'>\n\t\t\t<div class='gallery-icon landscape'>\n\t\t\t\t<a href='https:\/\/www.erneuerung.de\/osnabrueck\/2022\/05\/24\/102-deutschen-katholikentag-in-stuttgart\/attachment\/1653685989130\/'><img width=\"150\" height=\"150\" src=\"https:\/\/www.erneuerung.de\/osnabrueck\/wp-content\/uploads\/sites\/21\/2022\/05\/1653685989130-150x150.jpg\" class=\"attachment-thumbnail size-thumbnail\" alt=\"Katholikentag 2022 - EIndr\u00fccke\" aria-describedby=\"gallery-1-1420\" srcset=\"https:\/\/www.erneuerung.de\/osnabrueck\/wp-content\/uploads\/sites\/21\/2022\/05\/1653685989130-150x150.jpg 150w, https:\/\/www.erneuerung.de\/osnabrueck\/wp-content\/uploads\/sites\/21\/2022\/05\/1653685989130-256x256.jpg 256w, https:\/\/www.erneuerung.de\/osnabrueck\/wp-content\/uploads\/sites\/21\/2022\/05\/1653685989130-300x300.jpg 300w, https:\/\/www.erneuerung.de\/osnabrueck\/wp-content\/uploads\/sites\/21\/2022\/05\/1653685989130-100x100.jpg 100w\" sizes=\"(max-width: 150px) 100vw, 150px\" \/><\/a>\n\t\t\t<\/div>\n\t\t\t\t<figcaption class='wp-caption-text gallery-caption' id='gallery-1-1420'>\n\t\t\t\tKatholikentag 2022 &#8211; EIndr\u00fccke\n\t\t\t\t<\/figcaption><\/figure><figure class='gallery-item'>\n\t\t\t<div class='gallery-icon landscape'>\n\t\t\t\t<a href='https:\/\/www.erneuerung.de\/osnabrueck\/2022\/05\/24\/102-deutschen-katholikentag-in-stuttgart\/attachment\/1653680314677\/'><img width=\"150\" height=\"150\" src=\"https:\/\/www.erneuerung.de\/osnabrueck\/wp-content\/uploads\/sites\/21\/2022\/05\/1653680314677-150x150.jpg\" class=\"attachment-thumbnail size-thumbnail\" alt=\"Katholikentag 2022 - EIndr\u00fccke\" aria-describedby=\"gallery-1-1415\" srcset=\"https:\/\/www.erneuerung.de\/osnabrueck\/wp-content\/uploads\/sites\/21\/2022\/05\/1653680314677-150x150.jpg 150w, https:\/\/www.erneuerung.de\/osnabrueck\/wp-content\/uploads\/sites\/21\/2022\/05\/1653680314677-256x256.jpg 256w, https:\/\/www.erneuerung.de\/osnabrueck\/wp-content\/uploads\/sites\/21\/2022\/05\/1653680314677-300x300.jpg 300w, https:\/\/www.erneuerung.de\/osnabrueck\/wp-content\/uploads\/sites\/21\/2022\/05\/1653680314677-100x100.jpg 100w\" sizes=\"(max-width: 150px) 100vw, 150px\" \/><\/a>\n\t\t\t<\/div>\n\t\t\t\t<figcaption class='wp-caption-text gallery-caption' id='gallery-1-1415'>\n\t\t\t\tKatholikentag 2022 &#8211; EIndr\u00fccke\n\t\t\t\t<\/figcaption><\/figure><figure class='gallery-item'>\n\t\t\t<div class='gallery-icon landscape'>\n\t\t\t\t<a href='https:\/\/www.erneuerung.de\/osnabrueck\/2022\/05\/24\/102-deutschen-katholikentag-in-stuttgart\/attachment\/1653817609584\/'><img width=\"150\" height=\"150\" src=\"https:\/\/www.erneuerung.de\/osnabrueck\/wp-content\/uploads\/sites\/21\/2022\/05\/1653817609584-150x150.jpg\" class=\"attachment-thumbnail size-thumbnail\" alt=\"Katholikentag 2022 - EIndr\u00fccke\" aria-describedby=\"gallery-1-1425\" srcset=\"https:\/\/www.erneuerung.de\/osnabrueck\/wp-content\/uploads\/sites\/21\/2022\/05\/1653817609584-150x150.jpg 150w, https:\/\/www.erneuerung.de\/osnabrueck\/wp-content\/uploads\/sites\/21\/2022\/05\/1653817609584-256x256.jpg 256w, https:\/\/www.erneuerung.de\/osnabrueck\/wp-content\/uploads\/sites\/21\/2022\/05\/1653817609584-300x300.jpg 300w, https:\/\/www.erneuerung.de\/osnabrueck\/wp-content\/uploads\/sites\/21\/2022\/05\/1653817609584-100x100.jpg 100w\" sizes=\"(max-width: 150px) 100vw, 150px\" \/><\/a>\n\t\t\t<\/div>\n\t\t\t\t<figcaption class='wp-caption-text gallery-caption' id='gallery-1-1425'>\n\t\t\t\tKatholikentag 2022 &#8211; EIndr\u00fccke\n\t\t\t\t<\/figcaption><\/figure><figure class='gallery-item'>\n\t\t\t<div class='gallery-icon landscape'>\n\t\t\t\t<a href='https:\/\/www.erneuerung.de\/osnabrueck\/2022\/05\/24\/102-deutschen-katholikentag-in-stuttgart\/attachment\/1653680377564\/'><img width=\"150\" height=\"150\" src=\"https:\/\/www.erneuerung.de\/osnabrueck\/wp-content\/uploads\/sites\/21\/2022\/05\/1653680377564-150x150.jpg\" class=\"attachment-thumbnail size-thumbnail\" alt=\"Katholikentag 2022 - EIndr\u00fccke\" aria-describedby=\"gallery-1-1418\" srcset=\"https:\/\/www.erneuerung.de\/osnabrueck\/wp-content\/uploads\/sites\/21\/2022\/05\/1653680377564-150x150.jpg 150w, https:\/\/www.erneuerung.de\/osnabrueck\/wp-content\/uploads\/sites\/21\/2022\/05\/1653680377564-256x256.jpg 256w, https:\/\/www.erneuerung.de\/osnabrueck\/wp-content\/uploads\/sites\/21\/2022\/05\/1653680377564-300x300.jpg 300w, https:\/\/www.erneuerung.de\/osnabrueck\/wp-content\/uploads\/sites\/21\/2022\/05\/1653680377564-100x100.jpg 100w\" sizes=\"(max-width: 150px) 100vw, 150px\" \/><\/a>\n\t\t\t<\/div>\n\t\t\t\t<figcaption class='wp-caption-text gallery-caption' id='gallery-1-1418'>\n\t\t\t\tKatholikentag 2022 &#8211; EIndr\u00fccke\n\t\t\t\t<\/figcaption><\/figure>\n\t\t<\/div>\n\n","protected":false},"excerpt":{"rendered":"<p>&#8230; Wir waren da!! Ein tollen Erlebnis &#8230; Leben teilen \u2013 Katholikentag 2022 Er war anders dieser Katholikentag als fr\u00fchere,&#8230;<\/p>\n","protected":false},"author":609,"featured_media":1392,"comment_status":"closed","ping_status":"closed","sticky":false,"template":"","format":"gallery","meta":{"footnotes":""},"categories":[1],"tags":[46,71,69,70],"class_list":{"0":"post-1386","1":"post","2":"type-post","3":"status-publish","4":"format-gallery","5":"has-post-thumbnail","7":"category-allgemein","8":"tag-ce-deutschland","9":"tag-glauben","10":"tag-katholikentag","11":"tag-stuttgart","12":"post_format-post-format-gallery"},"post_mailing_queue_ids":[],"menu_order":0,"_links":{"self":[{"href":"https:\/\/www.erneuerung.de\/osnabrueck\/wp-json\/wp\/v2\/posts\/1386","targetHints":{"allow":["GET"]}}],"collection":[{"href":"https:\/\/www.erneuerung.de\/osnabrueck\/wp-json\/wp\/v2\/posts"}],"about":[{"href":"https:\/\/www.erneuerung.de\/osnabrueck\/wp-json\/wp\/v2\/types\/post"}],"author":[{"embeddable":true,"href":"https:\/\/www.erneuerung.de\/osnabrueck\/wp-json\/wp\/v2\/users\/609"}],"replies":[{"embeddable":true,"href":"https:\/\/www.erneuerung.de\/osnabrueck\/wp-json\/wp\/v2\/comments?post=1386"}],"version-history":[{"count":22,"href":"https:\/\/www.erneuerung.de\/osnabrueck\/wp-json\/wp\/v2\/posts\/1386\/revisions"}],"predecessor-version":[{"id":1435,"href":"https:\/\/www.erneuerung.de\/osnabrueck\/wp-json\/wp\/v2\/posts\/1386\/revisions\/1435"}],"wp:featuredmedia":[{"embeddable":true,"href":"https:\/\/www.erneuerung.de\/osnabrueck\/wp-json\/wp\/v2\/media\/1392"}],"wp:attachment":[{"href":"https:\/\/www.erneuerung.de\/osnabrueck\/wp-json\/wp\/v2\/media?parent=1386"}],"wp:term":[{"taxonomy":"category","embeddable":true,"href":"https:\/\/www.erneuerung.de\/osnabrueck\/wp-json\/wp\/v2\/categories?post=1386"},{"taxonomy":"post_tag","embeddable":true,"href":"https:\/\/www.erneuerung.de\/osnabrueck\/wp-json\/wp\/v2\/tags?post=1386"}],"curies":[{"name":"wp","href":"https:\/\/api.w.org\/{rel}","templated":true}]}}