{"id":137,"date":"2020-01-21T10:59:03","date_gmt":"2020-01-21T09:59:03","guid":{"rendered":"http:\/\/www.erneuerung.de\/jugend\/?p=137"},"modified":"2022-09-14T09:34:59","modified_gmt":"2022-09-14T07:34:59","slug":"papst","status":"publish","type":"post","link":"https:\/\/www.erneuerung.de\/jugend\/2020\/01\/21\/papst\/","title":{"rendered":"Papst"},"content":{"rendered":"<p>Der Papst ist Bischof von Rom und gleichzeitig das Oberhaupt der ganzen katholischen Kirche. Er wird von den Kardin\u00e4len gew\u00e4hlt und lebt im Kirchenstaat, im Vatikan.<\/p>\n<p>Er trifft wichtige Entscheidungen f\u00fcr die katholische Kirche, z. B. das Einsetzen von Bisch\u00f6fen, oder gibt mit seinen Schreiben, den Enzykliken, eine Richtung f\u00fcr das Glaubensleben der Katholiken vor. Der neue Papst Franziskus hat bereits in seinen ersten Tagen davon gesprochen, wie notwendig eine neue Evangelisierung f\u00fcr uns alle ist. Diesem Anliegen, wie auch dem Weltjugendtag, sind wir besonders verbunden.<\/p>\n<p>(Benedikt Brunnquell)<\/p>\n","protected":false},"excerpt":{"rendered":"<p>Der Papst ist Bischof von Rom und gleichzeitig das Oberhaupt der ganzen katholischen Kirche. Er wird von den Kardin\u00e4len gew\u00e4hlt&#8230;<\/p>\n","protected":false},"author":453,"featured_media":0,"comment_status":"closed","ping_status":"closed","sticky":false,"template":"","format":"standard","meta":{"footnotes":""},"categories":[25],"tags":[],"class_list":{"0":"post-137","1":"post","2":"type-post","3":"status-publish","4":"format-standard","6":"category-facts"},"post_mailing_queue_ids":[],"menu_order":0,"_links":{"self":[{"href":"https:\/\/www.erneuerung.de\/jugend\/wp-json\/wp\/v2\/posts\/137","targetHints":{"allow":["GET"]}}],"collection":[{"href":"https:\/\/www.erneuerung.de\/jugend\/wp-json\/wp\/v2\/posts"}],"about":[{"href":"https:\/\/www.erneuerung.de\/jugend\/wp-json\/wp\/v2\/types\/post"}],"author":[{"embeddable":true,"href":"https:\/\/www.erneuerung.de\/jugend\/wp-json\/wp\/v2\/users\/453"}],"replies":[{"embeddable":true,"href":"https:\/\/www.erneuerung.de\/jugend\/wp-json\/wp\/v2\/comments?post=137"}],"version-history":[{"count":1,"href":"https:\/\/www.erneuerung.de\/jugend\/wp-json\/wp\/v2\/posts\/137\/revisions"}],"predecessor-version":[{"id":138,"href":"https:\/\/www.erneuerung.de\/jugend\/wp-json\/wp\/v2\/posts\/137\/revisions\/138"}],"wp:attachment":[{"href":"https:\/\/www.erneuerung.de\/jugend\/wp-json\/wp\/v2\/media?parent=137"}],"wp:term":[{"taxonomy":"category","embeddable":true,"href":"https:\/\/www.erneuerung.de\/jugend\/wp-json\/wp\/v2\/categories?post=137"},{"taxonomy":"post_tag","embeddable":true,"href":"https:\/\/www.erneuerung.de\/jugend\/wp-json\/wp\/v2\/tags?post=137"}],"curies":[{"name":"wp","href":"https:\/\/api.w.org\/{rel}","templated":true}]}}