{"id":639,"date":"2021-02-05T12:05:36","date_gmt":"2021-02-05T11:05:36","guid":{"rendered":"https:\/\/www.erneuerung.de\/fulda\/?p=639"},"modified":"2022-01-22T16:45:35","modified_gmt":"2022-01-22T15:45:35","slug":"bibel-und-gebetskreise-jetzt-online","status":"publish","type":"post","link":"https:\/\/www.erneuerung.de\/fulda\/2021\/02\/05\/bibel-und-gebetskreise-jetzt-online\/","title":{"rendered":"Bibel- und Gebetskreise &#8212; wieder Online!"},"content":{"rendered":"<div class=\"wpb-content-wrapper\"><p>[vc_row][vc_column][vc_column_text]<\/p>\n<p><img class=\"wp-image-771 alignleft\" src=\"https:\/\/www.erneuerung.de\/fulda\/wp-content\/uploads\/sites\/13\/2021\/02\/ZOOM-Meeting_Laptop-2-300x236.jpg\" alt=\"\" width=\"351\" height=\"276\" srcset=\"https:\/\/www.erneuerung.de\/fulda\/wp-content\/uploads\/sites\/13\/2021\/02\/ZOOM-Meeting_Laptop-2-300x236.jpg 300w, https:\/\/www.erneuerung.de\/fulda\/wp-content\/uploads\/sites\/13\/2021\/02\/ZOOM-Meeting_Laptop-2-768x604.jpg 768w, https:\/\/www.erneuerung.de\/fulda\/wp-content\/uploads\/sites\/13\/2021\/02\/ZOOM-Meeting_Laptop-2-600x472.jpg 600w, https:\/\/www.erneuerung.de\/fulda\/wp-content\/uploads\/sites\/13\/2021\/02\/ZOOM-Meeting_Laptop-2.jpg 790w\" sizes=\"(max-width: 351px) 100vw, 351px\" \/> \u00a0 \u00a0\u00a0 <img class=\"wp-image-769 alignright\" src=\"https:\/\/www.erneuerung.de\/fulda\/wp-content\/uploads\/sites\/13\/2021\/02\/ZOOM-Meeting_2-2-300x236.jpg\" alt=\"\" width=\"348\" height=\"274\" srcset=\"https:\/\/www.erneuerung.de\/fulda\/wp-content\/uploads\/sites\/13\/2021\/02\/ZOOM-Meeting_2-2-300x236.jpg 300w, https:\/\/www.erneuerung.de\/fulda\/wp-content\/uploads\/sites\/13\/2021\/02\/ZOOM-Meeting_2-2-1024x805.jpg 1024w, https:\/\/www.erneuerung.de\/fulda\/wp-content\/uploads\/sites\/13\/2021\/02\/ZOOM-Meeting_2-2-768x603.jpg 768w, https:\/\/www.erneuerung.de\/fulda\/wp-content\/uploads\/sites\/13\/2021\/02\/ZOOM-Meeting_2-2-1536x1207.jpg 1536w, https:\/\/www.erneuerung.de\/fulda\/wp-content\/uploads\/sites\/13\/2021\/02\/ZOOM-Meeting_2-2-2048x1609.jpg 2048w, https:\/\/www.erneuerung.de\/fulda\/wp-content\/uploads\/sites\/13\/2021\/02\/ZOOM-Meeting_2-2-600x471.jpg 600w\" sizes=\"(max-width: 348px) 100vw, 348px\" \/><\/p>\n<p>&nbsp;<\/p>\n<p>&nbsp;<\/p>\n<p>&nbsp;<\/p>\n<p>&nbsp;<\/p>\n<p>&nbsp;<\/p>\n<p>&nbsp;<\/p>\n<p>&nbsp;<\/p>\n<p>Bedingt durch die Corona-Einschr\u00e4nkungen haben sich einige Bibel- und Gebetskreise auf regelm\u00e4\u00dfige Online-Treffen geeinigt. Diese Treffen sind <strong>sehr kommunikativ<\/strong> und <strong>gemeinschaftsf\u00f6rdernd<\/strong>. Wir sehen uns alle von Angesicht zu Angesicht und hier auch aktuell ohne Mund-Nasen-Maske. Es entwickeln sich gute Gespr\u00e4che und auch das freie Beten gelingt sehr gut.<\/p>\n<p><span style=\"color: #0000ff\"><strong>Dienstags<\/strong><\/span> um 20.00 Uhr kann man sich per Zoom einfinden. Die n\u00f6tigen Informationen und Zugangsdaten bekommt man bei Tanja Eckert (Tel. 06667 1749 \/ tk.eckert@t-online.de) oder<\/p>\n<p>Michael M\u00fcller (Tel. 06661 730333 \/ mueller-schluechtern@t-online.de)<\/p>\n<p><span style=\"color: #0000ff\"><strong>Mittwochs<\/strong><\/span> trifft man sich um 20.00 Uhr per Skype. Die technische Einladung und Informationen dazu kann man erfragen bei<\/p>\n<p>Rebecca und Tobias Schleicher (Tel. 0178 8515729)<\/p>\n<p><span style=\"color: #0000ff\"><strong>Donnerstags<\/strong><\/span> war bisher immer ein weiteres Zoom-Treffen um 19.00 Uhr des Maberzeller Gebetskreises. Diese Gruppe ist am 24.06.2021 wieder komplett in ein Pr\u00e4senztreffen in Fulda-Haimbach, Markushaus, \u00fcbergegangen. Interessierte melden sich bei Patrizia Hondl oder Michael Brehl (Tel. 0172 7795568)<\/p>\n<p>Auch alle weiteren Gruppen der CE im Bistum Fulda werden in K\u00fcrze wieder Pr\u00e4senztermine anbieten &#8212; bitte die EVENTS-Seite beachten! In aller K\u00fcrze:<\/p>\n<ul>\n<li>f\u00fcr den Gebetskreis Gro\u00dfenl\u00fcder ==&gt; immer der zweite Mittwoch im Monat<\/li>\n<li>f\u00fcr den Gebetskreis Neuhof ==&gt; immer der vierte Montag im Monat<\/li>\n<li>f\u00fcr den Gebetskreis Schl\u00fcchtern ==&gt; immer der vierte Dienstag im Monat<\/li>\n<li>f\u00fcr den Gebetskreis Maberzell ==&gt; jeden Donnerstag<\/li>\n<\/ul>\n<p>Alle Interessierten sind herzlich zu den Pr\u00e4senz- wie auch Online-Treffen eingeladen.<\/p>\n<p>Da Entfernungen bei Online-Treffen keine Rolle spielen, ist es von \u00fcberall aus m\u00f6glich, an einem solchen Gespr\u00e4ch teilzunehmen. Voraussetzungen sind lediglich ein Laptop oder ein Smartphone mit Kamera, Mikrofon plus Zoom- bzw. Skype-App \/ -Software (frei zug\u00e4nglich im <a href=\"https:\/\/www.chip.de\/downloads\/Zoom-Cloud-Meetings_170038962.html\">Internet zum Herunterladen<\/a>). Neue Teilnehmer sind jederzeit herzlich willkommen. Technische Hilfestellung kann jederzeit gew\u00e4hrleistet werden &#8212; einfach unter den oben aufgef\u00fchrten Nummern anrufen &#8212; wir versuchen gerne zu helfen.<\/p>\n<p>[\/vc_column_text][\/vc_column][\/vc_row]<\/p>\n<\/div>","protected":false},"excerpt":{"rendered":"<p>[vc_row][vc_column][vc_column_text] \u00a0 \u00a0\u00a0 &nbsp; &nbsp; &nbsp; &nbsp; &nbsp; &nbsp; &nbsp; Bedingt durch die Corona-Einschr\u00e4nkungen haben sich einige Bibel- und Gebetskreise&#8230;<\/p>\n","protected":false},"author":477,"featured_media":769,"comment_status":"closed","ping_status":"closed","sticky":false,"template":"","format":"standard","meta":{"footnotes":""},"categories":[1],"tags":[],"class_list":{"0":"post-639","1":"post","2":"type-post","3":"status-publish","4":"format-standard","5":"has-post-thumbnail","7":"category-allgemein"},"post_mailing_queue_ids":[],"menu_order":0,"_links":{"self":[{"href":"https:\/\/www.erneuerung.de\/fulda\/wp-json\/wp\/v2\/posts\/639","targetHints":{"allow":["GET"]}}],"collection":[{"href":"https:\/\/www.erneuerung.de\/fulda\/wp-json\/wp\/v2\/posts"}],"about":[{"href":"https:\/\/www.erneuerung.de\/fulda\/wp-json\/wp\/v2\/types\/post"}],"author":[{"embeddable":true,"href":"https:\/\/www.erneuerung.de\/fulda\/wp-json\/wp\/v2\/users\/477"}],"replies":[{"embeddable":true,"href":"https:\/\/www.erneuerung.de\/fulda\/wp-json\/wp\/v2\/comments?post=639"}],"version-history":[{"count":17,"href":"https:\/\/www.erneuerung.de\/fulda\/wp-json\/wp\/v2\/posts\/639\/revisions"}],"predecessor-version":[{"id":1184,"href":"https:\/\/www.erneuerung.de\/fulda\/wp-json\/wp\/v2\/posts\/639\/revisions\/1184"}],"wp:featuredmedia":[{"embeddable":true,"href":"https:\/\/www.erneuerung.de\/fulda\/wp-json\/wp\/v2\/media\/769"}],"wp:attachment":[{"href":"https:\/\/www.erneuerung.de\/fulda\/wp-json\/wp\/v2\/media?parent=639"}],"wp:term":[{"taxonomy":"category","embeddable":true,"href":"https:\/\/www.erneuerung.de\/fulda\/wp-json\/wp\/v2\/categories?post=639"},{"taxonomy":"post_tag","embeddable":true,"href":"https:\/\/www.erneuerung.de\/fulda\/wp-json\/wp\/v2\/tags?post=639"}],"curies":[{"name":"wp","href":"https:\/\/api.w.org\/{rel}","templated":true}]}}