{"id":636,"date":"2021-02-05T11:30:20","date_gmt":"2021-02-05T10:30:20","guid":{"rendered":"https:\/\/www.erneuerung.de\/fulda\/?p=636"},"modified":"2021-07-11T15:20:46","modified_gmt":"2021-07-11T13:20:46","slug":"fuer-jugendliche-online-treffen-mit-der-bibel","status":"publish","type":"post","link":"https:\/\/www.erneuerung.de\/fulda\/2021\/02\/05\/fuer-jugendliche-online-treffen-mit-der-bibel\/","title":{"rendered":"F\u00fcr Jugendliche:   Online-Treffen mit Freunden und der Bibel"},"content":{"rendered":"<div class=\"wpb-content-wrapper\"><p>[vc_row][vc_column][vc_column_text]<\/p>\r\n<p><img class=\"wp-image-650 alignleft\" src=\"https:\/\/www.erneuerung.de\/fulda\/wp-content\/uploads\/sites\/13\/2021\/02\/IMG_20200927_111026_resized_20210205_072256052-300x225.jpg\" alt=\"Vortrag w\u00e4hrend dem Jugendwochenende\" width=\"336\" height=\"252\" srcset=\"https:\/\/www.erneuerung.de\/fulda\/wp-content\/uploads\/sites\/13\/2021\/02\/IMG_20200927_111026_resized_20210205_072256052-300x225.jpg 300w, https:\/\/www.erneuerung.de\/fulda\/wp-content\/uploads\/sites\/13\/2021\/02\/IMG_20200927_111026_resized_20210205_072256052-1024x768.jpg 1024w, https:\/\/www.erneuerung.de\/fulda\/wp-content\/uploads\/sites\/13\/2021\/02\/IMG_20200927_111026_resized_20210205_072256052-768x576.jpg 768w, https:\/\/www.erneuerung.de\/fulda\/wp-content\/uploads\/sites\/13\/2021\/02\/IMG_20200927_111026_resized_20210205_072256052-1536x1152.jpg 1536w, https:\/\/www.erneuerung.de\/fulda\/wp-content\/uploads\/sites\/13\/2021\/02\/IMG_20200927_111026_resized_20210205_072256052-2048x1536.jpg 2048w, https:\/\/www.erneuerung.de\/fulda\/wp-content\/uploads\/sites\/13\/2021\/02\/IMG_20200927_111026_resized_20210205_072256052-600x450.jpg 600w\" sizes=\"(max-width: 336px) 100vw, 336px\" \/> \u00a0\u00a0\u00a0\u00a0\u00a0\u00a0\u00a0\u00a0\u00a0\u00a0\u00a0\u00a0\u00a0\u00a0\u00a0\u00a0\u00a0\u00a0\u00a0\u00a0\u00a0\u00a0\u00a0\u00a0\u00a0\u00a0\u00a0\u00a0\u00a0\u00a0\u00a0\u00a0\u00a0\u00a0\u00a0 \u00a0\u00a0\u00a0\u00a0\u00a0\u00a0\u00a0\u00a0\u00a0\u00a0\u00a0\u00a0\u00a0\u00a0\u00a0\u00a0\u00a0\u00a0\u00a0\u00a0\u00a0\u00a0\u00a0\u00a0\u00a0\u00a0\u00a0\u00a0\u00a0\u00a0\u00a0\u00a0\u00a0\u00a0\u00a0\u00a0\u00a0\u00a0\u00a0\u00a0\u00a0\u00a0\u00a0\u00a0\u00a0\u00a0\u00a0\u00a0\u00a0\u00a0\u00a0\u00a0\u00a0\u00a0\u00a0\u00a0\u00a0\u00a0\u00a0\u00a0\u00a0\u00a0\u00a0\u00a0\u00a0\u00a0\u00a0\u00a0\u00a0\u00a0\u00a0\u00a0\u00a0\u00a0\u00a0\u00a0\u00a0\u00a0 \u00a0\u00a0\u00a0\u00a0\u00a0<\/p>\r\n<p>Nachdem im September 2020 noch kurz vor dem Lockdown ein geistliches Wochenende mit Jugendlichen im Ludwig-Wolker-Haus in Kleinsassen\/Rh\u00f6n stattfinden konnte, mussten wir &#8211; Coronabedingt &#8211; in der Folgezeit unser System umstellen. Einige Jugendliche treffen sich per Zoom in regelm\u00e4\u00dfigen Abst\u00e4nden von einigen Wochen zum Bibelgespr\u00e4ch und Gebet. Vorangestellt ist bei jedem Treffen eine kleine Einstiegs\u00fcbung, die das pers\u00f6nliche Kennenlernen f\u00f6rdern soll.<\/p>\r\n\r\n<p>\u00dcber die n\u00e4chsten Termine und Teilnahme-M\u00f6glichkeiten kann man sich bei Tanja und Klaus Eckert gerne informieren (Tel. 06667-1749 \/ 0151-22569732 \/ tk.eckert@t-online.de).<\/p>\r\n\r\n\r\n\r\n<p>&nbsp;<\/p>\r\n<p><img class=\"size-medium wp-image-663 aligncenter\" src=\"https:\/\/www.erneuerung.de\/fulda\/wp-content\/uploads\/sites\/13\/2021\/02\/6-300x300.jpg\" alt=\"\" width=\"300\" height=\"300\" srcset=\"https:\/\/www.erneuerung.de\/fulda\/wp-content\/uploads\/sites\/13\/2021\/02\/6-300x300.jpg 300w, https:\/\/www.erneuerung.de\/fulda\/wp-content\/uploads\/sites\/13\/2021\/02\/6-150x150.jpg 150w, https:\/\/www.erneuerung.de\/fulda\/wp-content\/uploads\/sites\/13\/2021\/02\/6-256x256.jpg 256w, https:\/\/www.erneuerung.de\/fulda\/wp-content\/uploads\/sites\/13\/2021\/02\/6-600x599.jpg 600w, https:\/\/www.erneuerung.de\/fulda\/wp-content\/uploads\/sites\/13\/2021\/02\/6-100x100.jpg 100w, https:\/\/www.erneuerung.de\/fulda\/wp-content\/uploads\/sites\/13\/2021\/02\/6.jpg 750w\" sizes=\"(max-width: 300px) 100vw, 300px\" \/><\/p>\r\n<pre class=\"small-body\" style=\"text-align: center\"><em>(Credits by jesus.loves.coffee)<\/em> <\/pre>\r\n<p>[\/vc_column_text][\/vc_column][\/vc_row]<\/p><\/div>","protected":false},"excerpt":{"rendered":"<p>[vc_row][vc_column][vc_column_text] \u00a0\u00a0\u00a0\u00a0\u00a0\u00a0\u00a0\u00a0\u00a0\u00a0\u00a0\u00a0\u00a0\u00a0\u00a0\u00a0\u00a0\u00a0\u00a0\u00a0\u00a0\u00a0\u00a0\u00a0\u00a0\u00a0\u00a0\u00a0\u00a0\u00a0\u00a0\u00a0\u00a0\u00a0\u00a0 \u00a0\u00a0\u00a0\u00a0\u00a0\u00a0\u00a0\u00a0\u00a0\u00a0\u00a0\u00a0\u00a0\u00a0\u00a0\u00a0\u00a0\u00a0\u00a0\u00a0\u00a0\u00a0\u00a0\u00a0\u00a0\u00a0\u00a0\u00a0\u00a0\u00a0\u00a0\u00a0\u00a0\u00a0\u00a0\u00a0\u00a0\u00a0\u00a0\u00a0\u00a0\u00a0\u00a0\u00a0\u00a0\u00a0\u00a0\u00a0\u00a0\u00a0\u00a0\u00a0\u00a0\u00a0\u00a0\u00a0\u00a0\u00a0\u00a0\u00a0\u00a0\u00a0\u00a0\u00a0\u00a0\u00a0\u00a0\u00a0\u00a0\u00a0\u00a0\u00a0\u00a0\u00a0\u00a0\u00a0\u00a0\u00a0 \u00a0\u00a0\u00a0\u00a0\u00a0 Nachdem im September 2020 noch kurz vor dem Lockdown ein geistliches Wochenende mit Jugendlichen im Ludwig-Wolker-Haus&#8230;<\/p>\n","protected":false},"author":477,"featured_media":663,"comment_status":"closed","ping_status":"closed","sticky":false,"template":"","format":"standard","meta":{"footnotes":""},"categories":[1],"tags":[],"class_list":{"0":"post-636","1":"post","2":"type-post","3":"status-publish","4":"format-standard","5":"has-post-thumbnail","7":"category-allgemein"},"post_mailing_queue_ids":[],"menu_order":0,"_links":{"self":[{"href":"https:\/\/www.erneuerung.de\/fulda\/wp-json\/wp\/v2\/posts\/636","targetHints":{"allow":["GET"]}}],"collection":[{"href":"https:\/\/www.erneuerung.de\/fulda\/wp-json\/wp\/v2\/posts"}],"about":[{"href":"https:\/\/www.erneuerung.de\/fulda\/wp-json\/wp\/v2\/types\/post"}],"author":[{"embeddable":true,"href":"https:\/\/www.erneuerung.de\/fulda\/wp-json\/wp\/v2\/users\/477"}],"replies":[{"embeddable":true,"href":"https:\/\/www.erneuerung.de\/fulda\/wp-json\/wp\/v2\/comments?post=636"}],"version-history":[{"count":11,"href":"https:\/\/www.erneuerung.de\/fulda\/wp-json\/wp\/v2\/posts\/636\/revisions"}],"predecessor-version":[{"id":714,"href":"https:\/\/www.erneuerung.de\/fulda\/wp-json\/wp\/v2\/posts\/636\/revisions\/714"}],"wp:featuredmedia":[{"embeddable":true,"href":"https:\/\/www.erneuerung.de\/fulda\/wp-json\/wp\/v2\/media\/663"}],"wp:attachment":[{"href":"https:\/\/www.erneuerung.de\/fulda\/wp-json\/wp\/v2\/media?parent=636"}],"wp:term":[{"taxonomy":"category","embeddable":true,"href":"https:\/\/www.erneuerung.de\/fulda\/wp-json\/wp\/v2\/categories?post=636"},{"taxonomy":"post_tag","embeddable":true,"href":"https:\/\/www.erneuerung.de\/fulda\/wp-json\/wp\/v2\/tags?post=636"}],"curies":[{"name":"wp","href":"https:\/\/api.w.org\/{rel}","templated":true}]}}