{"id":2815,"date":"2025-08-03T13:45:59","date_gmt":"2025-08-03T11:45:59","guid":{"rendered":"https:\/\/www.erneuerung.de\/fulda\/?p=2815"},"modified":"2025-08-13T21:05:45","modified_gmt":"2025-08-13T19:05:45","slug":"geliebt-gesegnet-freigesetzt-wachgekuesst-vom-heiligen-geist-21-11-23-11-2025-in-huenfeld","status":"publish","type":"post","link":"https:\/\/www.erneuerung.de\/fulda\/2025\/08\/03\/geliebt-gesegnet-freigesetzt-wachgekuesst-vom-heiligen-geist-21-11-23-11-2025-in-huenfeld\/","title":{"rendered":"&#8222;geliebt &#8211; gesegnet &#8211; freigesetzt&#8220; &#8212; Wachgek\u00fcsst vom Heiligen Geist &#8212; 21.11.- 23.11.2025 in H\u00fcnfeld"},"content":{"rendered":"<div class=\"wpb-content-wrapper\"><p>[vc_row][vc_column][vc_column_text css=&#8220;&#8220;]<\/p>\n<div class=\"title-h6\">\n<h4><span style=\"font-family: American Typewriter;color: #ff0000\"><b data-olk-copy-source=\"MessageBody\">&#8222;geliebt &#8211; gesegnet &#8211; freigesetzt&#8220;<\/b><\/span><\/h4>\n<h6><span style=\"font-family: American Typewriter\">Wachgek\u00fcsst vom Heiligen Geist!<\/span><\/h6>\n<hr \/>\n<\/div>\n<p><span data-olk-copy-source=\"MessageBody\">Der Heilige Geist hat uns \u201ewachgek\u00fcsst\u201c. Wir sind ins Dasein geliebt, und Gott m\u00f6chte <strong><span style=\"color: #ff0000\">mit uns sein Reich bauen.<\/span><\/strong> Das kann je nach Berufung und Lebensphase stark variieren. Jede und jeder hat einen speziellen Ruf von Gott. Im Alter kann das unauff\u00e4lliger sein, wenn wir jung sind, dr\u00e4ngt es uns vielleicht mehr nach Aktion. Der Heilige Geist schenkt uns individuell seine Gaben. Wir sind gesegnet und sollen einander ein Segen sein. So baut Gott seine Gemeinde und sein Reich.\u00a0<\/span><\/p>\n<div data-olk-copy-source=\"MessageBody\">In diesem Seminar wollen wir uns mit <strong><span style=\"color: #ff0000\">unserer pers\u00f6nlichen Berufung<\/span><\/strong> besch\u00e4ftigen und herausfinden, wozu Gott uns einl\u00e4dt.<\/div>\n<ul>\n<li>Welchen Plan hat er mit meinem Leben? Was ist jetzt dran?<\/li>\n<li data-olk-copy-source=\"MessageBody\">Wohin ruft mich Gott, wo gibt es Grenzen, die es anzunehmen gilt?<\/li>\n<li data-olk-copy-source=\"MessageBody\">Wovon muss ich mich vielleicht auch verabschieden?<\/li>\n<\/ul>\n<div><\/div>\n<div>Konkret werden wir an diesen Tagen:<\/div>\n<ul>\n<li>Wir \u201e\u00fcben\u201c ein, f\u00fcreinander zum Segen zu werden.<\/li>\n<li>Wir werden zum \u201eTrainingscamp\u201c: Einander segnen, f\u00fcreinander beten mit eigenen Worten, auf Gottes Geist h\u00f6ren, prophetische Worte und Bilder erbitten, einander mit \u00d6l salben, die H\u00e4nde auflegen, um Heilung und Freisetzung beten.<\/li>\n<\/ul>\n<p>Das alles soll an diesem Wochenende erkl\u00e4rt, ge\u00fcbt und \u201eausprobiert\u201c werden. Wir sind davon \u00fcberzeugt, dass jede Nachfolgerin\/jeder Nachfolger Jesu ihr\/sein Potenzial hat und eingeladen ist, es einzusetzen, damit wir &#8211; das Reich Gottes und die Kirche Jesu Christi &#8211; gest\u00e4rkt, ger\u00fcstet und fruchtbar sind.<\/p>\n<div>Nur Mut. Du bist eingeladen, das, was in Dir steckt, zu erkunden, zu st\u00e4rken und einzu\u00fcben. Bist Du schon vom Heiligen Geist wachgek\u00fcsst?<\/div>\n<div><\/div>\n<p>Die Referenten:\u00a0 \u00a0 \u00a0<b data-olk-copy-source=\"MessageBody\">Christine Maria Emmerich<\/b> + <b data-olk-copy-source=\"MessageBody\">Viktor Fischer-Emmerich<\/b><\/p>\n<div>\u00a0 \u00a0 \u00a0 \u00a0 \u00a0 \u00a0 \u00a0 \u00a0 \u00a0 \u00a0 \u00a0 \u00a0 \u00a0 \u00a0 \u00a0 \u00a0 \u00a0<img class=\"alignnone size-medium wp-image-2816\" src=\"https:\/\/www.erneuerung.de\/fulda\/wp-content\/uploads\/sites\/13\/2025\/08\/Viktor_Christine_Emmerich-247x300.png\" alt=\"\" width=\"247\" height=\"300\" srcset=\"https:\/\/www.erneuerung.de\/fulda\/wp-content\/uploads\/sites\/13\/2025\/08\/Viktor_Christine_Emmerich-247x300.png 247w, https:\/\/www.erneuerung.de\/fulda\/wp-content\/uploads\/sites\/13\/2025\/08\/Viktor_Christine_Emmerich-600x727.png 600w, https:\/\/www.erneuerung.de\/fulda\/wp-content\/uploads\/sites\/13\/2025\/08\/Viktor_Christine_Emmerich.png 645w\" sizes=\"(max-width: 247px) 100vw, 247px\" \/><\/div>\n<div><\/div>\n<div><\/div>\n<div><b data-olk-copy-source=\"MessageBody\">Christine Maria Emmerich<\/b><\/div>\n<ul>\n<li>Seit 2017 mit Viktor verheiratet. Drei erwachsene Kinder. Kinder\u00e4rztin in eigener Praxis. Sprecherin der Charismatischen Erneuerung im Erzbistum K\u00f6ln. Mitglied der Gemeinschaft Immanuel, Ravensburg. Viele Jahre Leiterin eines wachsenden Hauskreises. Aktiv als Referentin bei Seminaren und Gebetsevents. Ihre besondere Begabung liegt darin, prophetisch f\u00fcr Menschen zu beten.<\/li>\n<\/ul>\n<div><\/div>\n<div><\/div>\n<div><b data-olk-copy-source=\"MessageBody\">Viktor Fischer-Emmerich<\/b><\/div>\n<ul>\n<li>Kirchenmusiker, Theologe, Psychotherapeut und Berater in eigener Praxis. Seine Leidenschaft liegt darin, Gott im Lobpreis anzubeten, Menschen zu begleiten und Gottes Wort zu verk\u00fcnden. Im Leitungsteam der CE im Erzbistum K\u00f6ln. Engagiert im Gebetshaus K\u00f6ln. Gefragter Band-\/Lobpreisleiter. Referent bei Seminaren zu theologischen und therapeutischen Themen.<\/li>\n<\/ul>\n<h6><\/h6>\n<h6><strong>Weitere Informationen zum Seminar \/ Veranstaltungsablauf:<\/strong><\/h6>\n<ul>\n<li>Anreise am\n<ul>\n<li>Freitag, 21.11.2025, von <strong>08:30 bis 09:15 Uhr<\/strong><\/li>\n<\/ul>\n<\/li>\n<\/ul>\n<ul>\n<li>Seminar-Beginn\n<ul>\n<li>Freitag, 21.11.2025, <strong>09:30 Uhr<\/strong> (mit Lobpreiszeit)<\/li>\n<\/ul>\n<\/li>\n<\/ul>\n<ul>\n<li>Seminar-Ende\n<ul>\n<li>Sonntag, 23.11.2025, <strong>ca. 13:00 Uhr<\/strong> (nach dem Mittagessen)<\/li>\n<\/ul>\n<\/li>\n<\/ul>\n<p>&nbsp;<\/p>\n<ul>\n<li>K<strong>osten f\u00fcr Unterbringung (Zimmer mit Dusche und WC), Vollpension, Tagungs- und Seminargeb\u00fchren<\/strong>\n<ul>\n<li><strong><span style=\"color: #ff0000\">170,-Euro<\/span> im Einzelzimmer <\/strong><\/li>\n<li><strong><span style=\"color: #ff0000\">160,-Euro<\/span> im Doppelzimmer \/ f\u00fcr Ehepaare<\/strong><\/li>\n<li>Den Teilnehmerbetrag m\u00f6glichst \u00fcberweisen \u00a0auf das Konto des F\u00f6rderkreises der CE FD\u00a0\u00a0\u00a0\u00a0\u00a0\u00a0\u00a0\u00a0\u00a0\u00a0\u00a0\u00a0\u00a0\u00a0\u00a0\u00a0\u00a0\u00a0 \u00a0 \u00a0 \u00a0 \u00a0 \u00a0 \u00a0 \u00a0 \u00a0 \u00a0 \u00a0 \u00a0 \u00a0 \u00a0 \u00a0 \u00a0 \u00a0 \u00a0 IBAN:\u00a0 <strong>DE03 5306 0180 0004 0457 77<\/strong><\/li>\n<li>F\u00fcr Teilnehmer aus <strong>anderen Di\u00f6zesen<\/strong> gilt ein zus\u00e4tzlicher <strong>Aufschlag von <span style=\"color: #ff0000\">40,-Euro<\/span><\/strong><\/li>\n<\/ul>\n<\/li>\n<\/ul>\n<div class=\"title-h6\">Wichtiger Hinweis zu einer m\u00f6glichen <strong data-olk-copy-source=\"MessageBody\">Um- oder Abmeldung:<\/strong><\/div>\n<p>Sollten Sie sich \/ solltest Du Dich aus irgendeinem Grund umentscheiden? Prinzipiell kein Problem. In diesem Fall melden Sie sich \/ meldest du dich bitte bis <span style=\"color: #ff0000\"><strong>sp\u00e4testens 8 Tage vor Seminarbeginn<\/strong><\/span> mit einer Antwortmail bei uns ab ==&gt; Betreff = &#8222;Abmeldung + Name&#8220; ==&gt; <span style=\"color: #ff0000\"><strong>WICHTIG<\/strong><\/span>: Sollte Ihre \/ deine Abmeldung &#8212;<span style=\"color: #ff0000\"><strong>NACH<\/strong><\/span>&#8212; dieser Zeit erfolgen (egal, aus welchen Gr\u00fcnden), fallen Unterkunfts- und Stornogeb\u00fchren an, welche wir Ihnen\/dir dann leider berechnen m\u00fcssen.<\/p>\n<p>Anmeldung ab sofort direkt hier m\u00f6glich:<\/p>\n<div class=\"wpcf7 no-js\" id=\"wpcf7-f2821-o1\" lang=\"de-DE\" dir=\"ltr\" data-wpcf7-id=\"2821\">\n<div class=\"screen-reader-response\"><p role=\"status\" aria-live=\"polite\" aria-atomic=\"true\"><\/p> <ul><\/ul><\/div>\n<form action=\"\/fulda\/wp-json\/wp\/v2\/posts\/2815#wpcf7-f2821-o1\" method=\"post\" class=\"wpcf7-form init\" aria-label=\"Kontaktformular\" novalidate=\"novalidate\" data-status=\"init\">\n<fieldset class=\"hidden-fields-container\"><legend class=\"screen-reader-text\">Hidden fields<\/legend><input type=\"hidden\" name=\"_wpcf7\" value=\"2821\" \/><input type=\"hidden\" name=\"_wpcf7_version\" value=\"6.1.5\" \/><input type=\"hidden\" name=\"_wpcf7_locale\" value=\"de_DE\" \/><input type=\"hidden\" name=\"_wpcf7_unit_tag\" value=\"wpcf7-f2821-o1\" \/><input type=\"hidden\" name=\"_wpcf7_container_post\" value=\"0\" \/><input type=\"hidden\" name=\"_wpcf7_posted_data_hash\" value=\"\" \/>\n<\/fieldset>\n<label> Vorname (Pflichtfeld)\n    <span class=\"wpcf7-form-control-wrap\" data-name=\"Vorname\"><input size=\"40\" maxlength=\"400\" class=\"wpcf7-form-control wpcf7-text wpcf7-validates-as-required\" aria-required=\"true\" aria-invalid=\"false\" value=\"\" type=\"text\" name=\"Vorname\" \/><\/span> <\/label>\n\n<label> Nachname (Pflichtfeld)\n    <span class=\"wpcf7-form-control-wrap\" data-name=\"Nachname\"><input size=\"40\" maxlength=\"400\" class=\"wpcf7-form-control wpcf7-text wpcf7-validates-as-required\" aria-required=\"true\" aria-invalid=\"false\" value=\"\" type=\"text\" name=\"Nachname\" \/><\/span> <\/label>\n\n<label> Stra\u00dfe, Hausnr (Pflichtfeld)\n    <span class=\"wpcf7-form-control-wrap\" data-name=\"Strasse\"><input size=\"40\" maxlength=\"400\" class=\"wpcf7-form-control wpcf7-text wpcf7-validates-as-required\" aria-required=\"true\" aria-invalid=\"false\" value=\"\" type=\"text\" name=\"Strasse\" \/><\/span> <\/label>\n\n<label> PLZ, Ort (Pflichtfeld)\n    <span class=\"wpcf7-form-control-wrap\" data-name=\"Ort\"><input size=\"40\" maxlength=\"400\" class=\"wpcf7-form-control wpcf7-text wpcf7-validates-as-required\" aria-required=\"true\" aria-invalid=\"false\" value=\"\" type=\"text\" name=\"Ort\" \/><\/span> <\/label>\n\n<label> Land (Pflichtfeld)\n    <span class=\"wpcf7-form-control-wrap\" data-name=\"country\"><input size=\"40\" maxlength=\"400\" class=\"wpcf7-form-control wpcf7-text wpcf7-validates-as-required\" aria-required=\"true\" aria-invalid=\"false\" value=\"\" type=\"text\" name=\"country\" \/><\/span> <\/label>\n\n<label> Telefon (Pflichtfeld)\n    <span class=\"wpcf7-form-control-wrap\" data-name=\"Telefon\"><input size=\"40\" maxlength=\"400\" class=\"wpcf7-form-control wpcf7-tel wpcf7-validates-as-required wpcf7-text wpcf7-validates-as-tel\" aria-required=\"true\" aria-invalid=\"false\" value=\"\" type=\"tel\" name=\"Telefon\" \/><\/span> <\/label>\n\n<label> E-Mail-Adresse (Pflichtfeld)\n    <span class=\"wpcf7-form-control-wrap\" data-name=\"email\"><input size=\"40\" maxlength=\"400\" class=\"wpcf7-form-control wpcf7-email wpcf7-validates-as-required wpcf7-text wpcf7-validates-as-email\" aria-required=\"true\" aria-invalid=\"false\" value=\"\" type=\"email\" name=\"email\" \/><\/span> <\/label>\n\n<label> Geburtsdatum (Pflichtfeld)\n    <span class=\"wpcf7-form-control-wrap\" data-name=\"Geburtsdatum\"><input size=\"40\" maxlength=\"400\" class=\"wpcf7-form-control wpcf7-text wpcf7-validates-as-required\" aria-required=\"true\" aria-invalid=\"false\" value=\"\" type=\"text\" name=\"Geburtsdatum\" \/><\/span> <\/label>\n\n<label> Konfession \n    <span class=\"wpcf7-form-control-wrap\" data-name=\"Konfession\"><input size=\"40\" maxlength=\"400\" class=\"wpcf7-form-control wpcf7-text\" aria-invalid=\"false\" value=\"\" type=\"text\" name=\"Konfession\" \/><\/span> <\/label>\n\n<label> Bistum (Pflichtfeld)\n    <span class=\"wpcf7-form-control-wrap\" data-name=\"Bistum\"><input size=\"40\" maxlength=\"400\" class=\"wpcf7-form-control wpcf7-text wpcf7-validates-as-required\" aria-required=\"true\" aria-invalid=\"false\" value=\"\" type=\"text\" name=\"Bistum\" \/><\/span> <\/label>\n\n<label> Einzelzimmer-Doppelzimmer (bei Doppelzimmer = mit wem?) (Pflichtfeld)\n    <span class=\"wpcf7-form-control-wrap\" data-name=\"Einzelzimmer-Doppelzimmer\"><input size=\"40\" maxlength=\"400\" class=\"wpcf7-form-control wpcf7-text wpcf7-validates-as-required\" aria-required=\"true\" aria-invalid=\"false\" value=\"\" type=\"text\" name=\"Einzelzimmer-Doppelzimmer\" \/><\/span> <\/label>\n\n<label> Bemerkungen \n    <span class=\"wpcf7-form-control-wrap\" data-name=\"Bemerkungen\"><input size=\"40\" maxlength=\"400\" class=\"wpcf7-form-control wpcf7-text\" aria-invalid=\"false\" value=\"\" type=\"text\" name=\"Bemerkungen\" \/><\/span> <\/label>\n\n<span class=\"wpcf7-form-control-wrap\" data-name=\"Datenschutz\"><span class=\"wpcf7-form-control wpcf7-checkbox wpcf7-validates-as-required wpcf7-exclusive-checkbox\"><span class=\"wpcf7-list-item first last\"><input type=\"checkbox\" name=\"Datenschutz\" value=\"Die Informationen zum Datenschutz habe ich gelesen und bin damit einverstanden.\" \/><span class=\"wpcf7-list-item-label\">Die Informationen zum Datenschutz habe ich gelesen und bin damit einverstanden.<\/span><\/span><\/span><\/span>\n<a href=\"https:\/\/www.erneuerung.de\/datenschutz\/\" target=\"_blank\">Informationen zum Datenschutz<\/a>\n\n\n<input class=\"wpcf7-form-control wpcf7-submit has-spinner\" type=\"submit\" value=\"Senden\" \/><div class=\"wpcf7-response-output\" aria-hidden=\"true\"><\/div>\n<\/form>\n<\/div>\n[\/vc_column_text][\/vc_column][\/vc_row]<\/p>\n<\/div>","protected":false},"excerpt":{"rendered":"<p>[vc_row][vc_column][vc_column_text css=&#8220;&#8220;] &#8222;geliebt &#8211; gesegnet &#8211; freigesetzt&#8220; Wachgek\u00fcsst vom Heiligen Geist! Der Heilige Geist hat uns \u201ewachgek\u00fcsst\u201c. Wir sind ins&#8230;<\/p>\n","protected":false},"author":574,"featured_media":2817,"comment_status":"closed","ping_status":"closed","sticky":false,"template":"","format":"standard","meta":{"footnotes":""},"categories":[1],"tags":[44,43,41,48,45,47],"class_list":{"0":"post-2815","1":"post","2":"type-post","3":"status-publish","4":"format-standard","5":"has-post-thumbnail","7":"category-allgemein","8":"tag-bernhard-axt","9":"tag-ce-fulda","10":"tag-ce-wochenende","11":"tag-charismatische-erneuerung","12":"tag-kloster-huenfeld","13":"tag-marie-luise-winter"},"post_mailing_queue_ids":[],"menu_order":0,"_links":{"self":[{"href":"https:\/\/www.erneuerung.de\/fulda\/wp-json\/wp\/v2\/posts\/2815","targetHints":{"allow":["GET"]}}],"collection":[{"href":"https:\/\/www.erneuerung.de\/fulda\/wp-json\/wp\/v2\/posts"}],"about":[{"href":"https:\/\/www.erneuerung.de\/fulda\/wp-json\/wp\/v2\/types\/post"}],"author":[{"embeddable":true,"href":"https:\/\/www.erneuerung.de\/fulda\/wp-json\/wp\/v2\/users\/574"}],"replies":[{"embeddable":true,"href":"https:\/\/www.erneuerung.de\/fulda\/wp-json\/wp\/v2\/comments?post=2815"}],"version-history":[{"count":6,"href":"https:\/\/www.erneuerung.de\/fulda\/wp-json\/wp\/v2\/posts\/2815\/revisions"}],"predecessor-version":[{"id":2826,"href":"https:\/\/www.erneuerung.de\/fulda\/wp-json\/wp\/v2\/posts\/2815\/revisions\/2826"}],"wp:featuredmedia":[{"embeddable":true,"href":"https:\/\/www.erneuerung.de\/fulda\/wp-json\/wp\/v2\/media\/2817"}],"wp:attachment":[{"href":"https:\/\/www.erneuerung.de\/fulda\/wp-json\/wp\/v2\/media?parent=2815"}],"wp:term":[{"taxonomy":"category","embeddable":true,"href":"https:\/\/www.erneuerung.de\/fulda\/wp-json\/wp\/v2\/categories?post=2815"},{"taxonomy":"post_tag","embeddable":true,"href":"https:\/\/www.erneuerung.de\/fulda\/wp-json\/wp\/v2\/tags?post=2815"}],"curies":[{"name":"wp","href":"https:\/\/api.w.org\/{rel}","templated":true}]}}