{"id":2447,"date":"2024-03-11T16:49:10","date_gmt":"2024-03-11T15:49:10","guid":{"rendered":"https:\/\/www.erneuerung.de\/fulda\/?p=2447"},"modified":"2024-03-11T18:24:32","modified_gmt":"2024-03-11T17:24:32","slug":"bericht-ueber-das-glaubensseminar-der-ce-fulda-mit-christof-hemberger-im-maerz-2024-bilderserie","status":"publish","type":"post","link":"https:\/\/www.erneuerung.de\/fulda\/2024\/03\/11\/bericht-ueber-das-glaubensseminar-der-ce-fulda-mit-christof-hemberger-im-maerz-2024-bilderserie\/","title":{"rendered":"Bericht \u00fcber das Glaubensseminar der CE Fulda mit Christof Hemberger im M\u00e4rz 2024 &#8212; Bilderserie"},"content":{"rendered":"<h5 class=\"title-h6\">&#8222;Nicht mehr ich lebe, sondern Christus lebt in mir!&#8220; (Galater 2,20)<\/h5>\n<p>Von Freitag, 08.03.2024, bis Sonntag, 10.03.2024 veranstaltete die Charismatische Erneuerung im Bistum Fulda ihr traditionelles Fr\u00fchjahrsseminar im Bonifatiuskloster in H\u00fcnfeld. Zu Beginn am Freitagvormittag konnte Elfriede Schuldes (1. Sprecherin des Bistumsteams) insgesamt 70 Teilnehmerinnen und Teilnehmer begr\u00fc\u00dfen.<\/p>\n<p>Nach einer ausgiebigen Lobpreiszeit durch die CE-Lobpreisband &#8222;R\u00fcckenwind&#8220; unter der Leitung von Andree Literski (Neuhof) wurde in das Seminar eingestiegen.<\/p>\n<p><img class=\"alignnone size-medium wp-image-2450\" src=\"https:\/\/www.erneuerung.de\/fulda\/wp-content\/uploads\/sites\/13\/2024\/03\/IMG_4492-300x225.jpg\" alt=\"\" width=\"300\" height=\"225\" srcset=\"https:\/\/www.erneuerung.de\/fulda\/wp-content\/uploads\/sites\/13\/2024\/03\/IMG_4492-300x225.jpg 300w, https:\/\/www.erneuerung.de\/fulda\/wp-content\/uploads\/sites\/13\/2024\/03\/IMG_4492-600x450.jpg 600w, https:\/\/www.erneuerung.de\/fulda\/wp-content\/uploads\/sites\/13\/2024\/03\/IMG_4492.jpg 640w\" sizes=\"(max-width: 300px) 100vw, 300px\" \/><\/p>\n<p>Der Referent, Christof Hemberger (Ravensburg), begann mit der ersten Einheit zum Thema &#8222;<strong><em>Heiligkeit &#8211; der Weg in die Reife<\/em><\/strong>&#8222;.<\/p>\n<ul>\n<li>Wie f\u00fchrt Gott uns in die Herrlichkeit?<\/li>\n<li>Welche Umkehrschritte bedarf es daf\u00fcr von mir?<\/li>\n<li>Wie beschwerlich ist dieser Weg und wie und wo k\u00f6nnen mir Steine in den Weg gelegt werden?<\/li>\n<li>Wie gehe ich mit diesen Steinen um?<\/li>\n<li>Welcher Schritte bedarf es von der Unreife in die geistliche \/ menschliche Reife?<\/li>\n<\/ul>\n<p>In Einheit 2 wurde das Thema &#8222;<em><strong>Meine Identit\u00e4t in Jesus<\/strong><\/em>&#8220; &#8212; die &#8222;<strong><em>Freiheit der Kinder Gottes<\/em><\/strong>&#8220; beleuchtet.<\/p>\n<ul>\n<li>Wie kann ich Jesus ganz und gar in mein Leben aufnehmen?<\/li>\n<li>wie kann ich Sohn \/ Tochter Gottes werden und bleiben?<\/li>\n<li>neu geboren im Wasser und im Geist &#8212; und Erben Christi werden, sein und bleiben<\/li>\n<\/ul>\n<p>Der Tag wurde mit Einheit 3 abgeschlossen, welche unter dem Thema &#8222;<strong><em>Leben im Licht<\/em><\/strong>&#8220; stand.<\/p>\n<ul>\n<li>Wie kann ich den &#8222;alten Menschen&#8220; ablegen \/ immer wieder neu ablegen?<\/li>\n<li>Hingabe, Vertrauen, Heiligkeit, Unterordnung unter den Willen Gottes und schlie\u00dflich<\/li>\n<li>Leben aus der Kraft des Heiligen Geistes<\/li>\n<\/ul>\n<p>Den Fachvortr\u00e4gen schloss sich ein Lobpreis- und Gebetsabend an, in welchem als H\u00f6hepunkt <strong>die Tauferneuerung<\/strong> stand. So wurde mit allen Teilnehmenden die Liturgie der Osternacht durchlaufen und wer wollte konnte im Anschluss mit dem pers\u00f6nlichen Vortreten vor Jesus und dem Eintauchen seiner H\u00e4nde in Wasser s<strong>eine Taufe und &#8222;Lebens\u00fcbergabe&#8220; an Jesus<\/strong> neu begehen. Es wurde reichlich Gebrauch davon gemacht.<\/p>\n<p>Der Samstag begann mit Fachvortrag Nr. 4 &#8212;\u00a0 &#8222;<strong><em>Gegen wen oder was k\u00e4mpfe ich hier eigentlich?<\/em><\/strong>&#8222;:<\/p>\n<ul>\n<li>mit welchen Herausforderungen habe ich als Kind Gottes zu k\u00e4mpfen und umzugehen?<\/li>\n<li>Was sind W\u00fcstenzeiten und wie erlebe ich diese und warum dienen diese meinem weiteren Vorankommen?<\/li>\n<li>Wie gehe ich mit Versuchungen und geistlichen Angriffen um?<\/li>\n<li>welche menschlichen Regungen k\u00f6nnen mir dabei begegnen und wie gehe ich damit am besten um?<\/li>\n<\/ul>\n<p>und wurde mit Kleingruppenaustausch und pers\u00f6nlicher Reflexion abgeschlossen.<\/p>\n<p>In der Mittagspause wurde auch ein <strong>Angebot zur Beichte<\/strong> unterbreitet, welches sehr gut angenommen wurde. Hier bedanken wir uns ganz herzlich bei den f\u00fcnf Beichtv\u00e4tern, welche sich von 13:00 bis 15:00 Uhr uns ihre Zeit schenkten und sich zur Verf\u00fcgung stellten.<\/p>\n<p>Der Nachmittag wurde mit Einheit Nr. 5 fortgesetzt &#8211; &#8222;<strong><em>Die geistliche Welt \/ Der Sieg Gottes \/ Unser Auftrag<\/em><\/strong>&#8220;<\/p>\n<ul>\n<li>Welche Einfl\u00fcsse bestimmen eigentlich unser Leben?<\/li>\n<li>Die sichtbare und die unsichtbare Welt<\/li>\n<li>Die Kraft und Macht Christi in unserem Leben<\/li>\n<li>Wie gehe ich mit geistlichen Angriffen um \/ wie kann ich sie bestenfalls abwehren?<\/li>\n<li>Gott hat uns eine Waffenr\u00fcstung daf\u00fcr gegeben (Epheser 6 &#8211; &#8222;Die Waffenr\u00fcstung Gottes&#8220;)<\/li>\n<\/ul>\n<p>Diesem Vortrag schloss sich eine Vorabendmesse (Wochentagsmesse) an, welche durch Pfarrer i. R. Bernhard Axt im Seminarraum zelebriert wurde.<\/p>\n<p>Auch der Samstagabend schloss mit einem Lobpreis- und Gebetsabend, welcher unter das Thema &#8222;<strong>Kraft und Vollmacht Christi f\u00fcr meine derzeitigen Herausforderungen<\/strong>&#8220; gestellt wurde. So wurde jedem Teilnehmenden das Angebot unterbreitet, nach einer ausgiebigen Lobpreiszeit seine ganz pers\u00f6nlichen Anliegen vor Gott zu bringen. Spezielle Segnungs- und Gebetsteams der CE Fulda standen zur Unterst\u00fctzung bereit und man konnte f\u00fcr sich beten und sich segnen lassen. Auch hier wurde das Angebot sehr gut angenommen.\u00a0 Der Abend endete mit ausgiebigem Lobpreis und Dank an unseren Herrn.<\/p>\n<p>Die letzte Vortragseinheit Nr. 6 folgte am Sonntagvormittag und stand unter dem Thema &#8222;<strong><em>Der Segen von Gemeinschaft&#8220;<\/em><\/strong>.<\/p>\n<ul>\n<li>Gott m\u00f6chte, dass wir Gemeinschaften pflegen<\/li>\n<li>welche M\u00f6glichkeiten von &#8222;Gemeinschaften&#8220; gibt es?<\/li>\n<li>wie kommen ich auf den Weg zur Gemeinschaft?<\/li>\n<li>warum ist es in Gemeinschaft so viel besser und einfacher, den tags zuvor geh\u00f6rten Angriffen zu widerstehen \/ zu bestehen?<\/li>\n<\/ul>\n<p>Das Seminar schloss mit einer Sonntagsmesse &#8211; wiederum zelebriert durch Pf. i. R. Bernhard Axt im Seminarraum &#8211; und einem gemeinsamen Mittagesssen ab.<\/p>\n<p><em>Das Team der CE Fulda m\u00f6chte sich bei dem Referenten, Christof Hemberger, aber auch allen Teilnehmerinnen und Teilnehmern, allen Helferinnen und Helfern, allen Musikerinnen und Musikern und allen sonstigen Mitwirkenden recht herzlich bedanken. Es waren drei sehr lehrreiche, harmonische und emotionale Tage, die aus unserer Sicht von wirklicher Gemeinschaft gepr\u00e4gt waren. Dazu hat jede einzelne und jeder einzelne seinen bzw. ihren ganz pers\u00f6nlichen Beitrag geleistet &#8212; daf\u00fcr ein ganz herzliches Dankesch\u00f6n und &#8222;Vergelt&#8217;s Gott&#8220; vom Bistumsteam der CE Fulda!<\/em><\/p>\n<p>Wir w\u00fcrden uns sehr freuen, euch alle im November (15.11. &#8211; 17.11.2024) zum n\u00e4chsten CE-Wochenende in H\u00fcnfeld wieder begr\u00fc\u00dfen zu d\u00fcrfen.<\/p>\n<p>Im Anschluss ein paar bildliche Eindr\u00fccke vom Seminar.<\/p>\n<div id='gallery-1' class='gallery galleryid-2447 gallery-columns-3 gallery-size-medium'><figure class='gallery-item'>\n\t\t\t<div class='gallery-icon portrait'>\n\t\t\t\t<a href='https:\/\/www.erneuerung.de\/fulda\/2024\/03\/11\/bericht-ueber-das-glaubensseminar-der-ce-fulda-mit-christof-hemberger-im-maerz-2024-bilderserie\/20240309_164849_1\/'><img width=\"277\" height=\"300\" src=\"https:\/\/www.erneuerung.de\/fulda\/wp-content\/uploads\/sites\/13\/2024\/03\/20240309_164849_1-277x300.jpg\" class=\"attachment-medium size-medium\" alt=\"\" srcset=\"https:\/\/www.erneuerung.de\/fulda\/wp-content\/uploads\/sites\/13\/2024\/03\/20240309_164849_1-277x300.jpg 277w, https:\/\/www.erneuerung.de\/fulda\/wp-content\/uploads\/sites\/13\/2024\/03\/20240309_164849_1-945x1024.jpg 945w, https:\/\/www.erneuerung.de\/fulda\/wp-content\/uploads\/sites\/13\/2024\/03\/20240309_164849_1-768x832.jpg 768w, https:\/\/www.erneuerung.de\/fulda\/wp-content\/uploads\/sites\/13\/2024\/03\/20240309_164849_1-1418x1536.jpg 1418w, https:\/\/www.erneuerung.de\/fulda\/wp-content\/uploads\/sites\/13\/2024\/03\/20240309_164849_1-1891x2048.jpg 1891w, https:\/\/www.erneuerung.de\/fulda\/wp-content\/uploads\/sites\/13\/2024\/03\/20240309_164849_1-600x650.jpg 600w\" sizes=\"(max-width: 277px) 100vw, 277px\" \/><\/a>\n\t\t\t<\/div><\/figure><figure class='gallery-item'>\n\t\t\t<div class='gallery-icon portrait'>\n\t\t\t\t<a href='https:\/\/www.erneuerung.de\/fulda\/2024\/03\/11\/bericht-ueber-das-glaubensseminar-der-ce-fulda-mit-christof-hemberger-im-maerz-2024-bilderserie\/20240309_164908_1\/'><img width=\"257\" height=\"300\" src=\"https:\/\/www.erneuerung.de\/fulda\/wp-content\/uploads\/sites\/13\/2024\/03\/20240309_164908_1-257x300.jpg\" class=\"attachment-medium size-medium\" alt=\"\" srcset=\"https:\/\/www.erneuerung.de\/fulda\/wp-content\/uploads\/sites\/13\/2024\/03\/20240309_164908_1-257x300.jpg 257w, https:\/\/www.erneuerung.de\/fulda\/wp-content\/uploads\/sites\/13\/2024\/03\/20240309_164908_1-877x1024.jpg 877w, https:\/\/www.erneuerung.de\/fulda\/wp-content\/uploads\/sites\/13\/2024\/03\/20240309_164908_1-768x897.jpg 768w, https:\/\/www.erneuerung.de\/fulda\/wp-content\/uploads\/sites\/13\/2024\/03\/20240309_164908_1-1315x1536.jpg 1315w, https:\/\/www.erneuerung.de\/fulda\/wp-content\/uploads\/sites\/13\/2024\/03\/20240309_164908_1-1754x2048.jpg 1754w, https:\/\/www.erneuerung.de\/fulda\/wp-content\/uploads\/sites\/13\/2024\/03\/20240309_164908_1-600x701.jpg 600w\" sizes=\"(max-width: 257px) 100vw, 257px\" \/><\/a>\n\t\t\t<\/div><\/figure><figure class='gallery-item'>\n\t\t\t<div class='gallery-icon portrait'>\n\t\t\t\t<a href='https:\/\/www.erneuerung.de\/fulda\/2024\/03\/11\/bericht-ueber-das-glaubensseminar-der-ce-fulda-mit-christof-hemberger-im-maerz-2024-bilderserie\/20240309_164915\/'><img width=\"225\" height=\"300\" src=\"https:\/\/www.erneuerung.de\/fulda\/wp-content\/uploads\/sites\/13\/2024\/03\/20240309_164915-225x300.jpg\" class=\"attachment-medium size-medium\" alt=\"\" srcset=\"https:\/\/www.erneuerung.de\/fulda\/wp-content\/uploads\/sites\/13\/2024\/03\/20240309_164915-225x300.jpg 225w, https:\/\/www.erneuerung.de\/fulda\/wp-content\/uploads\/sites\/13\/2024\/03\/20240309_164915-768x1024.jpg 768w, https:\/\/www.erneuerung.de\/fulda\/wp-content\/uploads\/sites\/13\/2024\/03\/20240309_164915-1152x1536.jpg 1152w, https:\/\/www.erneuerung.de\/fulda\/wp-content\/uploads\/sites\/13\/2024\/03\/20240309_164915-1536x2048.jpg 1536w, https:\/\/www.erneuerung.de\/fulda\/wp-content\/uploads\/sites\/13\/2024\/03\/20240309_164915-600x800.jpg 600w, https:\/\/www.erneuerung.de\/fulda\/wp-content\/uploads\/sites\/13\/2024\/03\/20240309_164915-scaled.jpg 1920w\" sizes=\"(max-width: 225px) 100vw, 225px\" \/><\/a>\n\t\t\t<\/div><\/figure><figure class='gallery-item'>\n\t\t\t<div class='gallery-icon portrait'>\n\t\t\t\t<a href='https:\/\/www.erneuerung.de\/fulda\/2024\/03\/11\/bericht-ueber-das-glaubensseminar-der-ce-fulda-mit-christof-hemberger-im-maerz-2024-bilderserie\/20240309_164927\/'><img width=\"225\" height=\"300\" src=\"https:\/\/www.erneuerung.de\/fulda\/wp-content\/uploads\/sites\/13\/2024\/03\/20240309_164927-225x300.jpg\" class=\"attachment-medium size-medium\" alt=\"\" srcset=\"https:\/\/www.erneuerung.de\/fulda\/wp-content\/uploads\/sites\/13\/2024\/03\/20240309_164927-225x300.jpg 225w, https:\/\/www.erneuerung.de\/fulda\/wp-content\/uploads\/sites\/13\/2024\/03\/20240309_164927-768x1024.jpg 768w, https:\/\/www.erneuerung.de\/fulda\/wp-content\/uploads\/sites\/13\/2024\/03\/20240309_164927-1152x1536.jpg 1152w, https:\/\/www.erneuerung.de\/fulda\/wp-content\/uploads\/sites\/13\/2024\/03\/20240309_164927-1536x2048.jpg 1536w, https:\/\/www.erneuerung.de\/fulda\/wp-content\/uploads\/sites\/13\/2024\/03\/20240309_164927-600x800.jpg 600w, https:\/\/www.erneuerung.de\/fulda\/wp-content\/uploads\/sites\/13\/2024\/03\/20240309_164927-scaled.jpg 1920w\" sizes=\"(max-width: 225px) 100vw, 225px\" \/><\/a>\n\t\t\t<\/div><\/figure><figure class='gallery-item'>\n\t\t\t<div class='gallery-icon portrait'>\n\t\t\t\t<a href='https:\/\/www.erneuerung.de\/fulda\/2024\/03\/11\/bericht-ueber-das-glaubensseminar-der-ce-fulda-mit-christof-hemberger-im-maerz-2024-bilderserie\/20240309_164956\/'><img width=\"292\" height=\"300\" src=\"https:\/\/www.erneuerung.de\/fulda\/wp-content\/uploads\/sites\/13\/2024\/03\/20240309_164956-292x300.jpg\" class=\"attachment-medium size-medium\" alt=\"\" srcset=\"https:\/\/www.erneuerung.de\/fulda\/wp-content\/uploads\/sites\/13\/2024\/03\/20240309_164956-292x300.jpg 292w, https:\/\/www.erneuerung.de\/fulda\/wp-content\/uploads\/sites\/13\/2024\/03\/20240309_164956-997x1024.jpg 997w, https:\/\/www.erneuerung.de\/fulda\/wp-content\/uploads\/sites\/13\/2024\/03\/20240309_164956-768x789.jpg 768w, https:\/\/www.erneuerung.de\/fulda\/wp-content\/uploads\/sites\/13\/2024\/03\/20240309_164956-1496x1536.jpg 1496w, https:\/\/www.erneuerung.de\/fulda\/wp-content\/uploads\/sites\/13\/2024\/03\/20240309_164956-1994x2048.jpg 1994w, https:\/\/www.erneuerung.de\/fulda\/wp-content\/uploads\/sites\/13\/2024\/03\/20240309_164956-600x616.jpg 600w\" sizes=\"(max-width: 292px) 100vw, 292px\" \/><\/a>\n\t\t\t<\/div><\/figure><figure class='gallery-item'>\n\t\t\t<div class='gallery-icon landscape'>\n\t\t\t\t<a href='https:\/\/www.erneuerung.de\/fulda\/2024\/03\/11\/bericht-ueber-das-glaubensseminar-der-ce-fulda-mit-christof-hemberger-im-maerz-2024-bilderserie\/20240309_165005\/'><img width=\"300\" height=\"271\" src=\"https:\/\/www.erneuerung.de\/fulda\/wp-content\/uploads\/sites\/13\/2024\/03\/20240309_165005-300x271.jpg\" class=\"attachment-medium size-medium\" alt=\"\" srcset=\"https:\/\/www.erneuerung.de\/fulda\/wp-content\/uploads\/sites\/13\/2024\/03\/20240309_165005-300x271.jpg 300w, https:\/\/www.erneuerung.de\/fulda\/wp-content\/uploads\/sites\/13\/2024\/03\/20240309_165005-1024x924.jpg 1024w, https:\/\/www.erneuerung.de\/fulda\/wp-content\/uploads\/sites\/13\/2024\/03\/20240309_165005-768x693.jpg 768w, https:\/\/www.erneuerung.de\/fulda\/wp-content\/uploads\/sites\/13\/2024\/03\/20240309_165005-1536x1386.jpg 1536w, https:\/\/www.erneuerung.de\/fulda\/wp-content\/uploads\/sites\/13\/2024\/03\/20240309_165005-2048x1848.jpg 2048w, https:\/\/www.erneuerung.de\/fulda\/wp-content\/uploads\/sites\/13\/2024\/03\/20240309_165005-600x541.jpg 600w\" sizes=\"(max-width: 300px) 100vw, 300px\" \/><\/a>\n\t\t\t<\/div><\/figure><figure class='gallery-item'>\n\t\t\t<div class='gallery-icon portrait'>\n\t\t\t\t<a href='https:\/\/www.erneuerung.de\/fulda\/2024\/03\/11\/bericht-ueber-das-glaubensseminar-der-ce-fulda-mit-christof-hemberger-im-maerz-2024-bilderserie\/20240309_165020\/'><img width=\"229\" height=\"300\" src=\"https:\/\/www.erneuerung.de\/fulda\/wp-content\/uploads\/sites\/13\/2024\/03\/20240309_165020-229x300.jpg\" class=\"attachment-medium size-medium\" alt=\"\" srcset=\"https:\/\/www.erneuerung.de\/fulda\/wp-content\/uploads\/sites\/13\/2024\/03\/20240309_165020-229x300.jpg 229w, https:\/\/www.erneuerung.de\/fulda\/wp-content\/uploads\/sites\/13\/2024\/03\/20240309_165020-781x1024.jpg 781w, https:\/\/www.erneuerung.de\/fulda\/wp-content\/uploads\/sites\/13\/2024\/03\/20240309_165020-768x1007.jpg 768w, https:\/\/www.erneuerung.de\/fulda\/wp-content\/uploads\/sites\/13\/2024\/03\/20240309_165020-1171x1536.jpg 1171w, https:\/\/www.erneuerung.de\/fulda\/wp-content\/uploads\/sites\/13\/2024\/03\/20240309_165020-1562x2048.jpg 1562w, https:\/\/www.erneuerung.de\/fulda\/wp-content\/uploads\/sites\/13\/2024\/03\/20240309_165020-600x787.jpg 600w, https:\/\/www.erneuerung.de\/fulda\/wp-content\/uploads\/sites\/13\/2024\/03\/20240309_165020-scaled.jpg 1952w\" sizes=\"(max-width: 229px) 100vw, 229px\" \/><\/a>\n\t\t\t<\/div><\/figure><figure class='gallery-item'>\n\t\t\t<div class='gallery-icon portrait'>\n\t\t\t\t<a href='https:\/\/www.erneuerung.de\/fulda\/2024\/03\/11\/bericht-ueber-das-glaubensseminar-der-ce-fulda-mit-christof-hemberger-im-maerz-2024-bilderserie\/20240309_165036\/'><img width=\"225\" height=\"300\" src=\"https:\/\/www.erneuerung.de\/fulda\/wp-content\/uploads\/sites\/13\/2024\/03\/20240309_165036-225x300.jpg\" class=\"attachment-medium size-medium\" alt=\"\" srcset=\"https:\/\/www.erneuerung.de\/fulda\/wp-content\/uploads\/sites\/13\/2024\/03\/20240309_165036-225x300.jpg 225w, https:\/\/www.erneuerung.de\/fulda\/wp-content\/uploads\/sites\/13\/2024\/03\/20240309_165036-768x1024.jpg 768w, https:\/\/www.erneuerung.de\/fulda\/wp-content\/uploads\/sites\/13\/2024\/03\/20240309_165036-1152x1536.jpg 1152w, https:\/\/www.erneuerung.de\/fulda\/wp-content\/uploads\/sites\/13\/2024\/03\/20240309_165036-1536x2048.jpg 1536w, https:\/\/www.erneuerung.de\/fulda\/wp-content\/uploads\/sites\/13\/2024\/03\/20240309_165036-600x800.jpg 600w, https:\/\/www.erneuerung.de\/fulda\/wp-content\/uploads\/sites\/13\/2024\/03\/20240309_165036-scaled.jpg 1920w\" sizes=\"(max-width: 225px) 100vw, 225px\" \/><\/a>\n\t\t\t<\/div><\/figure><figure class='gallery-item'>\n\t\t\t<div class='gallery-icon portrait'>\n\t\t\t\t<a href='https:\/\/www.erneuerung.de\/fulda\/2024\/03\/11\/bericht-ueber-das-glaubensseminar-der-ce-fulda-mit-christof-hemberger-im-maerz-2024-bilderserie\/20240309_165041\/'><img width=\"271\" height=\"300\" src=\"https:\/\/www.erneuerung.de\/fulda\/wp-content\/uploads\/sites\/13\/2024\/03\/20240309_165041-271x300.jpg\" class=\"attachment-medium size-medium\" alt=\"\" srcset=\"https:\/\/www.erneuerung.de\/fulda\/wp-content\/uploads\/sites\/13\/2024\/03\/20240309_165041-271x300.jpg 271w, https:\/\/www.erneuerung.de\/fulda\/wp-content\/uploads\/sites\/13\/2024\/03\/20240309_165041-926x1024.jpg 926w, https:\/\/www.erneuerung.de\/fulda\/wp-content\/uploads\/sites\/13\/2024\/03\/20240309_165041-768x850.jpg 768w, https:\/\/www.erneuerung.de\/fulda\/wp-content\/uploads\/sites\/13\/2024\/03\/20240309_165041-1388x1536.jpg 1388w, https:\/\/www.erneuerung.de\/fulda\/wp-content\/uploads\/sites\/13\/2024\/03\/20240309_165041-1851x2048.jpg 1851w, https:\/\/www.erneuerung.de\/fulda\/wp-content\/uploads\/sites\/13\/2024\/03\/20240309_165041-600x664.jpg 600w\" sizes=\"(max-width: 271px) 100vw, 271px\" \/><\/a>\n\t\t\t<\/div><\/figure><figure class='gallery-item'>\n\t\t\t<div class='gallery-icon portrait'>\n\t\t\t\t<a href='https:\/\/www.erneuerung.de\/fulda\/2024\/03\/11\/bericht-ueber-das-glaubensseminar-der-ce-fulda-mit-christof-hemberger-im-maerz-2024-bilderserie\/20240309_165046\/'><img width=\"207\" height=\"300\" src=\"https:\/\/www.erneuerung.de\/fulda\/wp-content\/uploads\/sites\/13\/2024\/03\/20240309_165046-207x300.jpg\" class=\"attachment-medium size-medium\" alt=\"\" srcset=\"https:\/\/www.erneuerung.de\/fulda\/wp-content\/uploads\/sites\/13\/2024\/03\/20240309_165046-207x300.jpg 207w, https:\/\/www.erneuerung.de\/fulda\/wp-content\/uploads\/sites\/13\/2024\/03\/20240309_165046-706x1024.jpg 706w, https:\/\/www.erneuerung.de\/fulda\/wp-content\/uploads\/sites\/13\/2024\/03\/20240309_165046-768x1113.jpg 768w, https:\/\/www.erneuerung.de\/fulda\/wp-content\/uploads\/sites\/13\/2024\/03\/20240309_165046-1059x1536.jpg 1059w, https:\/\/www.erneuerung.de\/fulda\/wp-content\/uploads\/sites\/13\/2024\/03\/20240309_165046-1413x2048.jpg 1413w, https:\/\/www.erneuerung.de\/fulda\/wp-content\/uploads\/sites\/13\/2024\/03\/20240309_165046-600x870.jpg 600w, https:\/\/www.erneuerung.de\/fulda\/wp-content\/uploads\/sites\/13\/2024\/03\/20240309_165046-scaled.jpg 1766w\" sizes=\"(max-width: 207px) 100vw, 207px\" \/><\/a>\n\t\t\t<\/div><\/figure><figure class='gallery-item'>\n\t\t\t<div class='gallery-icon portrait'>\n\t\t\t\t<a href='https:\/\/www.erneuerung.de\/fulda\/2024\/03\/11\/bericht-ueber-das-glaubensseminar-der-ce-fulda-mit-christof-hemberger-im-maerz-2024-bilderserie\/20240309_165101\/'><img width=\"194\" height=\"300\" src=\"https:\/\/www.erneuerung.de\/fulda\/wp-content\/uploads\/sites\/13\/2024\/03\/20240309_165101-194x300.jpg\" class=\"attachment-medium size-medium\" alt=\"\" srcset=\"https:\/\/www.erneuerung.de\/fulda\/wp-content\/uploads\/sites\/13\/2024\/03\/20240309_165101-194x300.jpg 194w, https:\/\/www.erneuerung.de\/fulda\/wp-content\/uploads\/sites\/13\/2024\/03\/20240309_165101-663x1024.jpg 663w, https:\/\/www.erneuerung.de\/fulda\/wp-content\/uploads\/sites\/13\/2024\/03\/20240309_165101-768x1185.jpg 768w, https:\/\/www.erneuerung.de\/fulda\/wp-content\/uploads\/sites\/13\/2024\/03\/20240309_165101-995x1536.jpg 995w, https:\/\/www.erneuerung.de\/fulda\/wp-content\/uploads\/sites\/13\/2024\/03\/20240309_165101-1327x2048.jpg 1327w, https:\/\/www.erneuerung.de\/fulda\/wp-content\/uploads\/sites\/13\/2024\/03\/20240309_165101-600x926.jpg 600w, https:\/\/www.erneuerung.de\/fulda\/wp-content\/uploads\/sites\/13\/2024\/03\/20240309_165101-scaled.jpg 1659w\" sizes=\"(max-width: 194px) 100vw, 194px\" \/><\/a>\n\t\t\t<\/div><\/figure><figure class='gallery-item'>\n\t\t\t<div class='gallery-icon portrait'>\n\t\t\t\t<a href='https:\/\/www.erneuerung.de\/fulda\/2024\/03\/11\/bericht-ueber-das-glaubensseminar-der-ce-fulda-mit-christof-hemberger-im-maerz-2024-bilderserie\/20240309_165116\/'><img width=\"188\" height=\"300\" src=\"https:\/\/www.erneuerung.de\/fulda\/wp-content\/uploads\/sites\/13\/2024\/03\/20240309_165116-188x300.jpg\" class=\"attachment-medium size-medium\" alt=\"\" srcset=\"https:\/\/www.erneuerung.de\/fulda\/wp-content\/uploads\/sites\/13\/2024\/03\/20240309_165116-188x300.jpg 188w, https:\/\/www.erneuerung.de\/fulda\/wp-content\/uploads\/sites\/13\/2024\/03\/20240309_165116-641x1024.jpg 641w, https:\/\/www.erneuerung.de\/fulda\/wp-content\/uploads\/sites\/13\/2024\/03\/20240309_165116-768x1227.jpg 768w, https:\/\/www.erneuerung.de\/fulda\/wp-content\/uploads\/sites\/13\/2024\/03\/20240309_165116-961x1536.jpg 961w, https:\/\/www.erneuerung.de\/fulda\/wp-content\/uploads\/sites\/13\/2024\/03\/20240309_165116-1282x2048.jpg 1282w, https:\/\/www.erneuerung.de\/fulda\/wp-content\/uploads\/sites\/13\/2024\/03\/20240309_165116-600x959.jpg 600w, https:\/\/www.erneuerung.de\/fulda\/wp-content\/uploads\/sites\/13\/2024\/03\/20240309_165116-scaled.jpg 1602w\" sizes=\"(max-width: 188px) 100vw, 188px\" \/><\/a>\n\t\t\t<\/div><\/figure><figure class='gallery-item'>\n\t\t\t<div class='gallery-icon portrait'>\n\t\t\t\t<a href='https:\/\/www.erneuerung.de\/fulda\/2024\/03\/11\/bericht-ueber-das-glaubensseminar-der-ce-fulda-mit-christof-hemberger-im-maerz-2024-bilderserie\/20240309_165126\/'><img width=\"225\" height=\"300\" src=\"https:\/\/www.erneuerung.de\/fulda\/wp-content\/uploads\/sites\/13\/2024\/03\/20240309_165126-225x300.jpg\" class=\"attachment-medium size-medium\" alt=\"\" srcset=\"https:\/\/www.erneuerung.de\/fulda\/wp-content\/uploads\/sites\/13\/2024\/03\/20240309_165126-225x300.jpg 225w, https:\/\/www.erneuerung.de\/fulda\/wp-content\/uploads\/sites\/13\/2024\/03\/20240309_165126-768x1024.jpg 768w, https:\/\/www.erneuerung.de\/fulda\/wp-content\/uploads\/sites\/13\/2024\/03\/20240309_165126-1152x1536.jpg 1152w, https:\/\/www.erneuerung.de\/fulda\/wp-content\/uploads\/sites\/13\/2024\/03\/20240309_165126-1536x2048.jpg 1536w, https:\/\/www.erneuerung.de\/fulda\/wp-content\/uploads\/sites\/13\/2024\/03\/20240309_165126-600x800.jpg 600w, https:\/\/www.erneuerung.de\/fulda\/wp-content\/uploads\/sites\/13\/2024\/03\/20240309_165126-scaled.jpg 1920w\" sizes=\"(max-width: 225px) 100vw, 225px\" \/><\/a>\n\t\t\t<\/div><\/figure><figure class='gallery-item'>\n\t\t\t<div class='gallery-icon portrait'>\n\t\t\t\t<a href='https:\/\/www.erneuerung.de\/fulda\/2024\/03\/11\/bericht-ueber-das-glaubensseminar-der-ce-fulda-mit-christof-hemberger-im-maerz-2024-bilderserie\/20240309_165141\/'><img width=\"181\" height=\"300\" src=\"https:\/\/www.erneuerung.de\/fulda\/wp-content\/uploads\/sites\/13\/2024\/03\/20240309_165141-181x300.jpg\" class=\"attachment-medium size-medium\" alt=\"\" srcset=\"https:\/\/www.erneuerung.de\/fulda\/wp-content\/uploads\/sites\/13\/2024\/03\/20240309_165141-181x300.jpg 181w, https:\/\/www.erneuerung.de\/fulda\/wp-content\/uploads\/sites\/13\/2024\/03\/20240309_165141-617x1024.jpg 617w, https:\/\/www.erneuerung.de\/fulda\/wp-content\/uploads\/sites\/13\/2024\/03\/20240309_165141-768x1276.jpg 768w, https:\/\/www.erneuerung.de\/fulda\/wp-content\/uploads\/sites\/13\/2024\/03\/20240309_165141-925x1536.jpg 925w, https:\/\/www.erneuerung.de\/fulda\/wp-content\/uploads\/sites\/13\/2024\/03\/20240309_165141-1233x2048.jpg 1233w, https:\/\/www.erneuerung.de\/fulda\/wp-content\/uploads\/sites\/13\/2024\/03\/20240309_165141-600x997.jpg 600w, https:\/\/www.erneuerung.de\/fulda\/wp-content\/uploads\/sites\/13\/2024\/03\/20240309_165141-scaled.jpg 1541w\" sizes=\"(max-width: 181px) 100vw, 181px\" \/><\/a>\n\t\t\t<\/div><\/figure><figure class='gallery-item'>\n\t\t\t<div class='gallery-icon portrait'>\n\t\t\t\t<a href='https:\/\/www.erneuerung.de\/fulda\/2024\/03\/11\/bericht-ueber-das-glaubensseminar-der-ce-fulda-mit-christof-hemberger-im-maerz-2024-bilderserie\/20240309_165208\/'><img width=\"225\" height=\"300\" src=\"https:\/\/www.erneuerung.de\/fulda\/wp-content\/uploads\/sites\/13\/2024\/03\/20240309_165208-225x300.jpg\" class=\"attachment-medium size-medium\" alt=\"\" srcset=\"https:\/\/www.erneuerung.de\/fulda\/wp-content\/uploads\/sites\/13\/2024\/03\/20240309_165208-225x300.jpg 225w, https:\/\/www.erneuerung.de\/fulda\/wp-content\/uploads\/sites\/13\/2024\/03\/20240309_165208-768x1024.jpg 768w, https:\/\/www.erneuerung.de\/fulda\/wp-content\/uploads\/sites\/13\/2024\/03\/20240309_165208-1152x1536.jpg 1152w, https:\/\/www.erneuerung.de\/fulda\/wp-content\/uploads\/sites\/13\/2024\/03\/20240309_165208-1536x2048.jpg 1536w, https:\/\/www.erneuerung.de\/fulda\/wp-content\/uploads\/sites\/13\/2024\/03\/20240309_165208-600x800.jpg 600w, https:\/\/www.erneuerung.de\/fulda\/wp-content\/uploads\/sites\/13\/2024\/03\/20240309_165208-scaled.jpg 1920w\" sizes=\"(max-width: 225px) 100vw, 225px\" \/><\/a>\n\t\t\t<\/div><\/figure><figure class='gallery-item'>\n\t\t\t<div class='gallery-icon portrait'>\n\t\t\t\t<a href='https:\/\/www.erneuerung.de\/fulda\/2024\/03\/11\/bericht-ueber-das-glaubensseminar-der-ce-fulda-mit-christof-hemberger-im-maerz-2024-bilderserie\/20240309_165354\/'><img width=\"225\" height=\"300\" src=\"https:\/\/www.erneuerung.de\/fulda\/wp-content\/uploads\/sites\/13\/2024\/03\/20240309_165354-225x300.jpg\" class=\"attachment-medium size-medium\" alt=\"\" srcset=\"https:\/\/www.erneuerung.de\/fulda\/wp-content\/uploads\/sites\/13\/2024\/03\/20240309_165354-225x300.jpg 225w, https:\/\/www.erneuerung.de\/fulda\/wp-content\/uploads\/sites\/13\/2024\/03\/20240309_165354-768x1024.jpg 768w, https:\/\/www.erneuerung.de\/fulda\/wp-content\/uploads\/sites\/13\/2024\/03\/20240309_165354-1152x1536.jpg 1152w, https:\/\/www.erneuerung.de\/fulda\/wp-content\/uploads\/sites\/13\/2024\/03\/20240309_165354-1536x2048.jpg 1536w, https:\/\/www.erneuerung.de\/fulda\/wp-content\/uploads\/sites\/13\/2024\/03\/20240309_165354-600x800.jpg 600w, https:\/\/www.erneuerung.de\/fulda\/wp-content\/uploads\/sites\/13\/2024\/03\/20240309_165354-scaled.jpg 1920w\" sizes=\"(max-width: 225px) 100vw, 225px\" \/><\/a>\n\t\t\t<\/div><\/figure><figure class='gallery-item'>\n\t\t\t<div class='gallery-icon portrait'>\n\t\t\t\t<a href='https:\/\/www.erneuerung.de\/fulda\/2024\/03\/11\/bericht-ueber-das-glaubensseminar-der-ce-fulda-mit-christof-hemberger-im-maerz-2024-bilderserie\/20240309_165403\/'><img width=\"253\" height=\"300\" src=\"https:\/\/www.erneuerung.de\/fulda\/wp-content\/uploads\/sites\/13\/2024\/03\/20240309_165403-253x300.jpg\" class=\"attachment-medium size-medium\" alt=\"\" srcset=\"https:\/\/www.erneuerung.de\/fulda\/wp-content\/uploads\/sites\/13\/2024\/03\/20240309_165403-253x300.jpg 253w, https:\/\/www.erneuerung.de\/fulda\/wp-content\/uploads\/sites\/13\/2024\/03\/20240309_165403-864x1024.jpg 864w, https:\/\/www.erneuerung.de\/fulda\/wp-content\/uploads\/sites\/13\/2024\/03\/20240309_165403-768x910.jpg 768w, https:\/\/www.erneuerung.de\/fulda\/wp-content\/uploads\/sites\/13\/2024\/03\/20240309_165403-1296x1536.jpg 1296w, https:\/\/www.erneuerung.de\/fulda\/wp-content\/uploads\/sites\/13\/2024\/03\/20240309_165403-1728x2048.jpg 1728w, https:\/\/www.erneuerung.de\/fulda\/wp-content\/uploads\/sites\/13\/2024\/03\/20240309_165403-600x711.jpg 600w\" sizes=\"(max-width: 253px) 100vw, 253px\" \/><\/a>\n\t\t\t<\/div><\/figure><figure class='gallery-item'>\n\t\t\t<div class='gallery-icon portrait'>\n\t\t\t\t<a href='https:\/\/www.erneuerung.de\/fulda\/2024\/03\/11\/bericht-ueber-das-glaubensseminar-der-ce-fulda-mit-christof-hemberger-im-maerz-2024-bilderserie\/20240309_165425\/'><img width=\"225\" height=\"300\" src=\"https:\/\/www.erneuerung.de\/fulda\/wp-content\/uploads\/sites\/13\/2024\/03\/20240309_165425-225x300.jpg\" class=\"attachment-medium size-medium\" alt=\"\" srcset=\"https:\/\/www.erneuerung.de\/fulda\/wp-content\/uploads\/sites\/13\/2024\/03\/20240309_165425-225x300.jpg 225w, https:\/\/www.erneuerung.de\/fulda\/wp-content\/uploads\/sites\/13\/2024\/03\/20240309_165425-768x1024.jpg 768w, https:\/\/www.erneuerung.de\/fulda\/wp-content\/uploads\/sites\/13\/2024\/03\/20240309_165425-1152x1536.jpg 1152w, https:\/\/www.erneuerung.de\/fulda\/wp-content\/uploads\/sites\/13\/2024\/03\/20240309_165425-1536x2048.jpg 1536w, https:\/\/www.erneuerung.de\/fulda\/wp-content\/uploads\/sites\/13\/2024\/03\/20240309_165425-600x800.jpg 600w, https:\/\/www.erneuerung.de\/fulda\/wp-content\/uploads\/sites\/13\/2024\/03\/20240309_165425-scaled.jpg 1920w\" sizes=\"(max-width: 225px) 100vw, 225px\" \/><\/a>\n\t\t\t<\/div><\/figure><figure class='gallery-item'>\n\t\t\t<div class='gallery-icon portrait'>\n\t\t\t\t<a href='https:\/\/www.erneuerung.de\/fulda\/2024\/03\/11\/bericht-ueber-das-glaubensseminar-der-ce-fulda-mit-christof-hemberger-im-maerz-2024-bilderserie\/20240309_165433\/'><img width=\"193\" height=\"300\" src=\"https:\/\/www.erneuerung.de\/fulda\/wp-content\/uploads\/sites\/13\/2024\/03\/20240309_165433-193x300.jpg\" class=\"attachment-medium size-medium\" alt=\"\" srcset=\"https:\/\/www.erneuerung.de\/fulda\/wp-content\/uploads\/sites\/13\/2024\/03\/20240309_165433-193x300.jpg 193w, https:\/\/www.erneuerung.de\/fulda\/wp-content\/uploads\/sites\/13\/2024\/03\/20240309_165433-658x1024.jpg 658w, https:\/\/www.erneuerung.de\/fulda\/wp-content\/uploads\/sites\/13\/2024\/03\/20240309_165433-768x1195.jpg 768w, https:\/\/www.erneuerung.de\/fulda\/wp-content\/uploads\/sites\/13\/2024\/03\/20240309_165433-987x1536.jpg 987w, https:\/\/www.erneuerung.de\/fulda\/wp-content\/uploads\/sites\/13\/2024\/03\/20240309_165433-1316x2048.jpg 1316w, https:\/\/www.erneuerung.de\/fulda\/wp-content\/uploads\/sites\/13\/2024\/03\/20240309_165433-600x934.jpg 600w, https:\/\/www.erneuerung.de\/fulda\/wp-content\/uploads\/sites\/13\/2024\/03\/20240309_165433-scaled.jpg 1645w\" sizes=\"(max-width: 193px) 100vw, 193px\" \/><\/a>\n\t\t\t<\/div><\/figure><figure class='gallery-item'>\n\t\t\t<div class='gallery-icon portrait'>\n\t\t\t\t<a href='https:\/\/www.erneuerung.de\/fulda\/2024\/03\/11\/bericht-ueber-das-glaubensseminar-der-ce-fulda-mit-christof-hemberger-im-maerz-2024-bilderserie\/20240309_165444\/'><img width=\"246\" height=\"300\" src=\"https:\/\/www.erneuerung.de\/fulda\/wp-content\/uploads\/sites\/13\/2024\/03\/20240309_165444-246x300.jpg\" class=\"attachment-medium size-medium\" alt=\"\" srcset=\"https:\/\/www.erneuerung.de\/fulda\/wp-content\/uploads\/sites\/13\/2024\/03\/20240309_165444-246x300.jpg 246w, https:\/\/www.erneuerung.de\/fulda\/wp-content\/uploads\/sites\/13\/2024\/03\/20240309_165444-840x1024.jpg 840w, https:\/\/www.erneuerung.de\/fulda\/wp-content\/uploads\/sites\/13\/2024\/03\/20240309_165444-768x937.jpg 768w, https:\/\/www.erneuerung.de\/fulda\/wp-content\/uploads\/sites\/13\/2024\/03\/20240309_165444-1260x1536.jpg 1260w, https:\/\/www.erneuerung.de\/fulda\/wp-content\/uploads\/sites\/13\/2024\/03\/20240309_165444-1679x2048.jpg 1679w, https:\/\/www.erneuerung.de\/fulda\/wp-content\/uploads\/sites\/13\/2024\/03\/20240309_165444-600x732.jpg 600w\" sizes=\"(max-width: 246px) 100vw, 246px\" \/><\/a>\n\t\t\t<\/div><\/figure><figure class='gallery-item'>\n\t\t\t<div class='gallery-icon portrait'>\n\t\t\t\t<a href='https:\/\/www.erneuerung.de\/fulda\/2024\/03\/11\/bericht-ueber-das-glaubensseminar-der-ce-fulda-mit-christof-hemberger-im-maerz-2024-bilderserie\/20240310_101829\/'><img width=\"253\" height=\"300\" src=\"https:\/\/www.erneuerung.de\/fulda\/wp-content\/uploads\/sites\/13\/2024\/03\/20240310_101829-253x300.jpg\" class=\"attachment-medium size-medium\" alt=\"\" srcset=\"https:\/\/www.erneuerung.de\/fulda\/wp-content\/uploads\/sites\/13\/2024\/03\/20240310_101829-253x300.jpg 253w, https:\/\/www.erneuerung.de\/fulda\/wp-content\/uploads\/sites\/13\/2024\/03\/20240310_101829-865x1024.jpg 865w, https:\/\/www.erneuerung.de\/fulda\/wp-content\/uploads\/sites\/13\/2024\/03\/20240310_101829-768x909.jpg 768w, https:\/\/www.erneuerung.de\/fulda\/wp-content\/uploads\/sites\/13\/2024\/03\/20240310_101829-1297x1536.jpg 1297w, https:\/\/www.erneuerung.de\/fulda\/wp-content\/uploads\/sites\/13\/2024\/03\/20240310_101829-1730x2048.jpg 1730w, https:\/\/www.erneuerung.de\/fulda\/wp-content\/uploads\/sites\/13\/2024\/03\/20240310_101829-600x710.jpg 600w\" sizes=\"(max-width: 253px) 100vw, 253px\" \/><\/a>\n\t\t\t<\/div><\/figure><figure class='gallery-item'>\n\t\t\t<div class='gallery-icon portrait'>\n\t\t\t\t<a href='https:\/\/www.erneuerung.de\/fulda\/2024\/03\/11\/bericht-ueber-das-glaubensseminar-der-ce-fulda-mit-christof-hemberger-im-maerz-2024-bilderserie\/20240310_101841\/'><img width=\"260\" height=\"300\" src=\"https:\/\/www.erneuerung.de\/fulda\/wp-content\/uploads\/sites\/13\/2024\/03\/20240310_101841-260x300.jpg\" class=\"attachment-medium size-medium\" alt=\"\" srcset=\"https:\/\/www.erneuerung.de\/fulda\/wp-content\/uploads\/sites\/13\/2024\/03\/20240310_101841-260x300.jpg 260w, https:\/\/www.erneuerung.de\/fulda\/wp-content\/uploads\/sites\/13\/2024\/03\/20240310_101841-887x1024.jpg 887w, https:\/\/www.erneuerung.de\/fulda\/wp-content\/uploads\/sites\/13\/2024\/03\/20240310_101841-768x887.jpg 768w, https:\/\/www.erneuerung.de\/fulda\/wp-content\/uploads\/sites\/13\/2024\/03\/20240310_101841-1330x1536.jpg 1330w, https:\/\/www.erneuerung.de\/fulda\/wp-content\/uploads\/sites\/13\/2024\/03\/20240310_101841-1774x2048.jpg 1774w, https:\/\/www.erneuerung.de\/fulda\/wp-content\/uploads\/sites\/13\/2024\/03\/20240310_101841-600x693.jpg 600w\" sizes=\"(max-width: 260px) 100vw, 260px\" \/><\/a>\n\t\t\t<\/div><\/figure><figure class='gallery-item'>\n\t\t\t<div class='gallery-icon portrait'>\n\t\t\t\t<a href='https:\/\/www.erneuerung.de\/fulda\/2024\/03\/11\/bericht-ueber-das-glaubensseminar-der-ce-fulda-mit-christof-hemberger-im-maerz-2024-bilderserie\/20240310_101905\/'><img width=\"225\" height=\"300\" src=\"https:\/\/www.erneuerung.de\/fulda\/wp-content\/uploads\/sites\/13\/2024\/03\/20240310_101905-225x300.jpg\" class=\"attachment-medium size-medium\" alt=\"\" srcset=\"https:\/\/www.erneuerung.de\/fulda\/wp-content\/uploads\/sites\/13\/2024\/03\/20240310_101905-225x300.jpg 225w, https:\/\/www.erneuerung.de\/fulda\/wp-content\/uploads\/sites\/13\/2024\/03\/20240310_101905-768x1024.jpg 768w, https:\/\/www.erneuerung.de\/fulda\/wp-content\/uploads\/sites\/13\/2024\/03\/20240310_101905-1152x1536.jpg 1152w, https:\/\/www.erneuerung.de\/fulda\/wp-content\/uploads\/sites\/13\/2024\/03\/20240310_101905-1536x2048.jpg 1536w, https:\/\/www.erneuerung.de\/fulda\/wp-content\/uploads\/sites\/13\/2024\/03\/20240310_101905-600x800.jpg 600w, https:\/\/www.erneuerung.de\/fulda\/wp-content\/uploads\/sites\/13\/2024\/03\/20240310_101905-scaled.jpg 1920w\" sizes=\"(max-width: 225px) 100vw, 225px\" \/><\/a>\n\t\t\t<\/div><\/figure><figure class='gallery-item'>\n\t\t\t<div class='gallery-icon portrait'>\n\t\t\t\t<a href='https:\/\/www.erneuerung.de\/fulda\/2024\/03\/11\/bericht-ueber-das-glaubensseminar-der-ce-fulda-mit-christof-hemberger-im-maerz-2024-bilderserie\/20240310_101925\/'><img width=\"225\" height=\"300\" src=\"https:\/\/www.erneuerung.de\/fulda\/wp-content\/uploads\/sites\/13\/2024\/03\/20240310_101925-225x300.jpg\" class=\"attachment-medium size-medium\" alt=\"\" srcset=\"https:\/\/www.erneuerung.de\/fulda\/wp-content\/uploads\/sites\/13\/2024\/03\/20240310_101925-225x300.jpg 225w, https:\/\/www.erneuerung.de\/fulda\/wp-content\/uploads\/sites\/13\/2024\/03\/20240310_101925-768x1024.jpg 768w, https:\/\/www.erneuerung.de\/fulda\/wp-content\/uploads\/sites\/13\/2024\/03\/20240310_101925-1152x1536.jpg 1152w, https:\/\/www.erneuerung.de\/fulda\/wp-content\/uploads\/sites\/13\/2024\/03\/20240310_101925-1536x2048.jpg 1536w, https:\/\/www.erneuerung.de\/fulda\/wp-content\/uploads\/sites\/13\/2024\/03\/20240310_101925-600x800.jpg 600w, https:\/\/www.erneuerung.de\/fulda\/wp-content\/uploads\/sites\/13\/2024\/03\/20240310_101925-scaled.jpg 1920w\" sizes=\"(max-width: 225px) 100vw, 225px\" \/><\/a>\n\t\t\t<\/div><\/figure><figure class='gallery-item'>\n\t\t\t<div class='gallery-icon portrait'>\n\t\t\t\t<a href='https:\/\/www.erneuerung.de\/fulda\/2024\/03\/11\/bericht-ueber-das-glaubensseminar-der-ce-fulda-mit-christof-hemberger-im-maerz-2024-bilderserie\/20240310_114447\/'><img width=\"249\" height=\"300\" src=\"https:\/\/www.erneuerung.de\/fulda\/wp-content\/uploads\/sites\/13\/2024\/03\/20240310_114447-249x300.jpg\" class=\"attachment-medium size-medium\" alt=\"\" srcset=\"https:\/\/www.erneuerung.de\/fulda\/wp-content\/uploads\/sites\/13\/2024\/03\/20240310_114447-249x300.jpg 249w, https:\/\/www.erneuerung.de\/fulda\/wp-content\/uploads\/sites\/13\/2024\/03\/20240310_114447-849x1024.jpg 849w, https:\/\/www.erneuerung.de\/fulda\/wp-content\/uploads\/sites\/13\/2024\/03\/20240310_114447-768x926.jpg 768w, https:\/\/www.erneuerung.de\/fulda\/wp-content\/uploads\/sites\/13\/2024\/03\/20240310_114447-1274x1536.jpg 1274w, https:\/\/www.erneuerung.de\/fulda\/wp-content\/uploads\/sites\/13\/2024\/03\/20240310_114447-1698x2048.jpg 1698w, https:\/\/www.erneuerung.de\/fulda\/wp-content\/uploads\/sites\/13\/2024\/03\/20240310_114447-600x724.jpg 600w\" sizes=\"(max-width: 249px) 100vw, 249px\" \/><\/a>\n\t\t\t<\/div><\/figure><figure class='gallery-item'>\n\t\t\t<div class='gallery-icon landscape'>\n\t\t\t\t<a href='https:\/\/www.erneuerung.de\/fulda\/2024\/03\/11\/bericht-ueber-das-glaubensseminar-der-ce-fulda-mit-christof-hemberger-im-maerz-2024-bilderserie\/20240310_114554\/'><img width=\"300\" height=\"280\" src=\"https:\/\/www.erneuerung.de\/fulda\/wp-content\/uploads\/sites\/13\/2024\/03\/20240310_114554-300x280.jpg\" class=\"attachment-medium size-medium\" alt=\"\" srcset=\"https:\/\/www.erneuerung.de\/fulda\/wp-content\/uploads\/sites\/13\/2024\/03\/20240310_114554-300x280.jpg 300w, https:\/\/www.erneuerung.de\/fulda\/wp-content\/uploads\/sites\/13\/2024\/03\/20240310_114554-1024x957.jpg 1024w, https:\/\/www.erneuerung.de\/fulda\/wp-content\/uploads\/sites\/13\/2024\/03\/20240310_114554-768x717.jpg 768w, https:\/\/www.erneuerung.de\/fulda\/wp-content\/uploads\/sites\/13\/2024\/03\/20240310_114554-1536x1435.jpg 1536w, https:\/\/www.erneuerung.de\/fulda\/wp-content\/uploads\/sites\/13\/2024\/03\/20240310_114554-2048x1913.jpg 2048w, https:\/\/www.erneuerung.de\/fulda\/wp-content\/uploads\/sites\/13\/2024\/03\/20240310_114554-600x561.jpg 600w\" sizes=\"(max-width: 300px) 100vw, 300px\" \/><\/a>\n\t\t\t<\/div><\/figure><figure class='gallery-item'>\n\t\t\t<div class='gallery-icon landscape'>\n\t\t\t\t<a href='https:\/\/www.erneuerung.de\/fulda\/2024\/03\/11\/bericht-ueber-das-glaubensseminar-der-ce-fulda-mit-christof-hemberger-im-maerz-2024-bilderserie\/fe2b34d9-6392-4523-b7af-eb64fdf1d8b1-2\/'><img width=\"300\" height=\"225\" src=\"https:\/\/www.erneuerung.de\/fulda\/wp-content\/uploads\/sites\/13\/2024\/03\/fe2b34d9-6392-4523-b7af-eb64fdf1d8b1-1-300x225.jpg\" class=\"attachment-medium size-medium\" alt=\"\" srcset=\"https:\/\/www.erneuerung.de\/fulda\/wp-content\/uploads\/sites\/13\/2024\/03\/fe2b34d9-6392-4523-b7af-eb64fdf1d8b1-1-300x225.jpg 300w, https:\/\/www.erneuerung.de\/fulda\/wp-content\/uploads\/sites\/13\/2024\/03\/fe2b34d9-6392-4523-b7af-eb64fdf1d8b1-1-1024x768.jpg 1024w, https:\/\/www.erneuerung.de\/fulda\/wp-content\/uploads\/sites\/13\/2024\/03\/fe2b34d9-6392-4523-b7af-eb64fdf1d8b1-1-768x576.jpg 768w, https:\/\/www.erneuerung.de\/fulda\/wp-content\/uploads\/sites\/13\/2024\/03\/fe2b34d9-6392-4523-b7af-eb64fdf1d8b1-1-1536x1152.jpg 1536w, https:\/\/www.erneuerung.de\/fulda\/wp-content\/uploads\/sites\/13\/2024\/03\/fe2b34d9-6392-4523-b7af-eb64fdf1d8b1-1-600x450.jpg 600w, https:\/\/www.erneuerung.de\/fulda\/wp-content\/uploads\/sites\/13\/2024\/03\/fe2b34d9-6392-4523-b7af-eb64fdf1d8b1-1.jpg 1600w\" sizes=\"(max-width: 300px) 100vw, 300px\" \/><\/a>\n\t\t\t<\/div><\/figure><figure class='gallery-item'>\n\t\t\t<div class='gallery-icon landscape'>\n\t\t\t\t<a href='https:\/\/www.erneuerung.de\/fulda\/2024\/03\/11\/bericht-ueber-das-glaubensseminar-der-ce-fulda-mit-christof-hemberger-im-maerz-2024-bilderserie\/img_4487\/'><img width=\"300\" height=\"225\" src=\"https:\/\/www.erneuerung.de\/fulda\/wp-content\/uploads\/sites\/13\/2024\/03\/IMG_4487-300x225.jpg\" class=\"attachment-medium size-medium\" alt=\"\" srcset=\"https:\/\/www.erneuerung.de\/fulda\/wp-content\/uploads\/sites\/13\/2024\/03\/IMG_4487-300x225.jpg 300w, https:\/\/www.erneuerung.de\/fulda\/wp-content\/uploads\/sites\/13\/2024\/03\/IMG_4487-600x450.jpg 600w, https:\/\/www.erneuerung.de\/fulda\/wp-content\/uploads\/sites\/13\/2024\/03\/IMG_4487.jpg 640w\" sizes=\"(max-width: 300px) 100vw, 300px\" \/><\/a>\n\t\t\t<\/div><\/figure><figure class='gallery-item'>\n\t\t\t<div class='gallery-icon landscape'>\n\t\t\t\t<a href='https:\/\/www.erneuerung.de\/fulda\/2024\/03\/11\/bericht-ueber-das-glaubensseminar-der-ce-fulda-mit-christof-hemberger-im-maerz-2024-bilderserie\/img_4489\/'><img width=\"300\" height=\"225\" src=\"https:\/\/www.erneuerung.de\/fulda\/wp-content\/uploads\/sites\/13\/2024\/03\/IMG_4489-300x225.jpg\" class=\"attachment-medium size-medium\" alt=\"\" srcset=\"https:\/\/www.erneuerung.de\/fulda\/wp-content\/uploads\/sites\/13\/2024\/03\/IMG_4489-300x225.jpg 300w, https:\/\/www.erneuerung.de\/fulda\/wp-content\/uploads\/sites\/13\/2024\/03\/IMG_4489-600x450.jpg 600w, https:\/\/www.erneuerung.de\/fulda\/wp-content\/uploads\/sites\/13\/2024\/03\/IMG_4489.jpg 640w\" sizes=\"(max-width: 300px) 100vw, 300px\" \/><\/a>\n\t\t\t<\/div><\/figure><figure class='gallery-item'>\n\t\t\t<div class='gallery-icon portrait'>\n\t\t\t\t<a href='https:\/\/www.erneuerung.de\/fulda\/2024\/03\/11\/bericht-ueber-das-glaubensseminar-der-ce-fulda-mit-christof-hemberger-im-maerz-2024-bilderserie\/img_4490\/'><img width=\"225\" height=\"300\" src=\"https:\/\/www.erneuerung.de\/fulda\/wp-content\/uploads\/sites\/13\/2024\/03\/IMG_4490-225x300.jpg\" class=\"attachment-medium size-medium\" alt=\"\" srcset=\"https:\/\/www.erneuerung.de\/fulda\/wp-content\/uploads\/sites\/13\/2024\/03\/IMG_4490-225x300.jpg 225w, https:\/\/www.erneuerung.de\/fulda\/wp-content\/uploads\/sites\/13\/2024\/03\/IMG_4490-rotated.jpg 480w\" sizes=\"(max-width: 225px) 100vw, 225px\" \/><\/a>\n\t\t\t<\/div><\/figure><figure class='gallery-item'>\n\t\t\t<div class='gallery-icon landscape'>\n\t\t\t\t<a href='https:\/\/www.erneuerung.de\/fulda\/2024\/03\/11\/bericht-ueber-das-glaubensseminar-der-ce-fulda-mit-christof-hemberger-im-maerz-2024-bilderserie\/img_4491\/'><img width=\"300\" height=\"225\" src=\"https:\/\/www.erneuerung.de\/fulda\/wp-content\/uploads\/sites\/13\/2024\/03\/IMG_4491-300x225.jpg\" class=\"attachment-medium size-medium\" alt=\"\" srcset=\"https:\/\/www.erneuerung.de\/fulda\/wp-content\/uploads\/sites\/13\/2024\/03\/IMG_4491-300x225.jpg 300w, https:\/\/www.erneuerung.de\/fulda\/wp-content\/uploads\/sites\/13\/2024\/03\/IMG_4491-600x450.jpg 600w, https:\/\/www.erneuerung.de\/fulda\/wp-content\/uploads\/sites\/13\/2024\/03\/IMG_4491.jpg 640w\" sizes=\"(max-width: 300px) 100vw, 300px\" \/><\/a>\n\t\t\t<\/div><\/figure><figure class='gallery-item'>\n\t\t\t<div class='gallery-icon landscape'>\n\t\t\t\t<a href='https:\/\/www.erneuerung.de\/fulda\/2024\/03\/11\/bericht-ueber-das-glaubensseminar-der-ce-fulda-mit-christof-hemberger-im-maerz-2024-bilderserie\/img_4492-2\/'><img width=\"300\" height=\"225\" src=\"https:\/\/www.erneuerung.de\/fulda\/wp-content\/uploads\/sites\/13\/2024\/03\/IMG_4492-1-300x225.jpg\" class=\"attachment-medium size-medium\" alt=\"\" srcset=\"https:\/\/www.erneuerung.de\/fulda\/wp-content\/uploads\/sites\/13\/2024\/03\/IMG_4492-1-300x225.jpg 300w, https:\/\/www.erneuerung.de\/fulda\/wp-content\/uploads\/sites\/13\/2024\/03\/IMG_4492-1-600x450.jpg 600w, https:\/\/www.erneuerung.de\/fulda\/wp-content\/uploads\/sites\/13\/2024\/03\/IMG_4492-1.jpg 640w\" sizes=\"(max-width: 300px) 100vw, 300px\" \/><\/a>\n\t\t\t<\/div><\/figure><figure class='gallery-item'>\n\t\t\t<div class='gallery-icon landscape'>\n\t\t\t\t<a href='https:\/\/www.erneuerung.de\/fulda\/2024\/03\/11\/bericht-ueber-das-glaubensseminar-der-ce-fulda-mit-christof-hemberger-im-maerz-2024-bilderserie\/img_4493\/'><img width=\"300\" height=\"225\" src=\"https:\/\/www.erneuerung.de\/fulda\/wp-content\/uploads\/sites\/13\/2024\/03\/IMG_4493-300x225.jpg\" class=\"attachment-medium size-medium\" alt=\"\" srcset=\"https:\/\/www.erneuerung.de\/fulda\/wp-content\/uploads\/sites\/13\/2024\/03\/IMG_4493-300x225.jpg 300w, https:\/\/www.erneuerung.de\/fulda\/wp-content\/uploads\/sites\/13\/2024\/03\/IMG_4493-600x450.jpg 600w, https:\/\/www.erneuerung.de\/fulda\/wp-content\/uploads\/sites\/13\/2024\/03\/IMG_4493.jpg 640w\" sizes=\"(max-width: 300px) 100vw, 300px\" \/><\/a>\n\t\t\t<\/div><\/figure><figure class='gallery-item'>\n\t\t\t<div class='gallery-icon landscape'>\n\t\t\t\t<a href='https:\/\/www.erneuerung.de\/fulda\/2024\/03\/11\/bericht-ueber-das-glaubensseminar-der-ce-fulda-mit-christof-hemberger-im-maerz-2024-bilderserie\/img_4494\/'><img width=\"300\" height=\"225\" src=\"https:\/\/www.erneuerung.de\/fulda\/wp-content\/uploads\/sites\/13\/2024\/03\/IMG_4494-300x225.jpg\" class=\"attachment-medium size-medium\" alt=\"\" srcset=\"https:\/\/www.erneuerung.de\/fulda\/wp-content\/uploads\/sites\/13\/2024\/03\/IMG_4494-300x225.jpg 300w, https:\/\/www.erneuerung.de\/fulda\/wp-content\/uploads\/sites\/13\/2024\/03\/IMG_4494-600x450.jpg 600w, https:\/\/www.erneuerung.de\/fulda\/wp-content\/uploads\/sites\/13\/2024\/03\/IMG_4494.jpg 640w\" sizes=\"(max-width: 300px) 100vw, 300px\" \/><\/a>\n\t\t\t<\/div><\/figure><figure class='gallery-item'>\n\t\t\t<div class='gallery-icon portrait'>\n\t\t\t\t<a href='https:\/\/www.erneuerung.de\/fulda\/2024\/03\/11\/bericht-ueber-das-glaubensseminar-der-ce-fulda-mit-christof-hemberger-im-maerz-2024-bilderserie\/img_4496\/'><img width=\"225\" height=\"300\" src=\"https:\/\/www.erneuerung.de\/fulda\/wp-content\/uploads\/sites\/13\/2024\/03\/IMG_4496-225x300.jpg\" class=\"attachment-medium size-medium\" alt=\"\" srcset=\"https:\/\/www.erneuerung.de\/fulda\/wp-content\/uploads\/sites\/13\/2024\/03\/IMG_4496-225x300.jpg 225w, https:\/\/www.erneuerung.de\/fulda\/wp-content\/uploads\/sites\/13\/2024\/03\/IMG_4496-rotated.jpg 480w\" sizes=\"(max-width: 225px) 100vw, 225px\" \/><\/a>\n\t\t\t<\/div><\/figure><figure class='gallery-item'>\n\t\t\t<div class='gallery-icon landscape'>\n\t\t\t\t<a href='https:\/\/www.erneuerung.de\/fulda\/2024\/03\/11\/bericht-ueber-das-glaubensseminar-der-ce-fulda-mit-christof-hemberger-im-maerz-2024-bilderserie\/img_4497\/'><img width=\"300\" height=\"225\" src=\"https:\/\/www.erneuerung.de\/fulda\/wp-content\/uploads\/sites\/13\/2024\/03\/IMG_4497-300x225.jpg\" class=\"attachment-medium size-medium\" alt=\"\" srcset=\"https:\/\/www.erneuerung.de\/fulda\/wp-content\/uploads\/sites\/13\/2024\/03\/IMG_4497-300x225.jpg 300w, https:\/\/www.erneuerung.de\/fulda\/wp-content\/uploads\/sites\/13\/2024\/03\/IMG_4497-600x450.jpg 600w, https:\/\/www.erneuerung.de\/fulda\/wp-content\/uploads\/sites\/13\/2024\/03\/IMG_4497.jpg 640w\" sizes=\"(max-width: 300px) 100vw, 300px\" \/><\/a>\n\t\t\t<\/div><\/figure><figure class='gallery-item'>\n\t\t\t<div class='gallery-icon landscape'>\n\t\t\t\t<a href='https:\/\/www.erneuerung.de\/fulda\/2024\/03\/11\/bericht-ueber-das-glaubensseminar-der-ce-fulda-mit-christof-hemberger-im-maerz-2024-bilderserie\/img_4498\/'><img width=\"300\" height=\"225\" src=\"https:\/\/www.erneuerung.de\/fulda\/wp-content\/uploads\/sites\/13\/2024\/03\/IMG_4498-300x225.jpg\" class=\"attachment-medium size-medium\" alt=\"\" srcset=\"https:\/\/www.erneuerung.de\/fulda\/wp-content\/uploads\/sites\/13\/2024\/03\/IMG_4498-300x225.jpg 300w, https:\/\/www.erneuerung.de\/fulda\/wp-content\/uploads\/sites\/13\/2024\/03\/IMG_4498-600x450.jpg 600w, https:\/\/www.erneuerung.de\/fulda\/wp-content\/uploads\/sites\/13\/2024\/03\/IMG_4498.jpg 640w\" sizes=\"(max-width: 300px) 100vw, 300px\" \/><\/a>\n\t\t\t<\/div><\/figure><figure class='gallery-item'>\n\t\t\t<div class='gallery-icon portrait'>\n\t\t\t\t<a href='https:\/\/www.erneuerung.de\/fulda\/2024\/03\/11\/bericht-ueber-das-glaubensseminar-der-ce-fulda-mit-christof-hemberger-im-maerz-2024-bilderserie\/img_4499\/'><img width=\"225\" height=\"300\" src=\"https:\/\/www.erneuerung.de\/fulda\/wp-content\/uploads\/sites\/13\/2024\/03\/IMG_4499-225x300.jpg\" class=\"attachment-medium size-medium\" alt=\"\" srcset=\"https:\/\/www.erneuerung.de\/fulda\/wp-content\/uploads\/sites\/13\/2024\/03\/IMG_4499-225x300.jpg 225w, https:\/\/www.erneuerung.de\/fulda\/wp-content\/uploads\/sites\/13\/2024\/03\/IMG_4499-rotated.jpg 480w\" sizes=\"(max-width: 225px) 100vw, 225px\" \/><\/a>\n\t\t\t<\/div><\/figure><figure class='gallery-item'>\n\t\t\t<div class='gallery-icon portrait'>\n\t\t\t\t<a href='https:\/\/www.erneuerung.de\/fulda\/2024\/03\/11\/bericht-ueber-das-glaubensseminar-der-ce-fulda-mit-christof-hemberger-im-maerz-2024-bilderserie\/img_4500\/'><img width=\"225\" height=\"300\" src=\"https:\/\/www.erneuerung.de\/fulda\/wp-content\/uploads\/sites\/13\/2024\/03\/IMG_4500-225x300.jpg\" class=\"attachment-medium size-medium\" alt=\"\" srcset=\"https:\/\/www.erneuerung.de\/fulda\/wp-content\/uploads\/sites\/13\/2024\/03\/IMG_4500-225x300.jpg 225w, https:\/\/www.erneuerung.de\/fulda\/wp-content\/uploads\/sites\/13\/2024\/03\/IMG_4500-rotated.jpg 480w\" sizes=\"(max-width: 225px) 100vw, 225px\" \/><\/a>\n\t\t\t<\/div><\/figure><figure class='gallery-item'>\n\t\t\t<div class='gallery-icon portrait'>\n\t\t\t\t<a href='https:\/\/www.erneuerung.de\/fulda\/2024\/03\/11\/bericht-ueber-das-glaubensseminar-der-ce-fulda-mit-christof-hemberger-im-maerz-2024-bilderserie\/img_4502\/'><img width=\"225\" height=\"300\" src=\"https:\/\/www.erneuerung.de\/fulda\/wp-content\/uploads\/sites\/13\/2024\/03\/IMG_4502-225x300.jpg\" class=\"attachment-medium size-medium\" alt=\"\" srcset=\"https:\/\/www.erneuerung.de\/fulda\/wp-content\/uploads\/sites\/13\/2024\/03\/IMG_4502-225x300.jpg 225w, https:\/\/www.erneuerung.de\/fulda\/wp-content\/uploads\/sites\/13\/2024\/03\/IMG_4502-rotated.jpg 480w\" sizes=\"(max-width: 225px) 100vw, 225px\" \/><\/a>\n\t\t\t<\/div><\/figure><figure class='gallery-item'>\n\t\t\t<div class='gallery-icon portrait'>\n\t\t\t\t<a href='https:\/\/www.erneuerung.de\/fulda\/2024\/03\/11\/bericht-ueber-das-glaubensseminar-der-ce-fulda-mit-christof-hemberger-im-maerz-2024-bilderserie\/img_4503\/'><img width=\"225\" height=\"300\" src=\"https:\/\/www.erneuerung.de\/fulda\/wp-content\/uploads\/sites\/13\/2024\/03\/IMG_4503-225x300.jpg\" class=\"attachment-medium size-medium\" alt=\"\" srcset=\"https:\/\/www.erneuerung.de\/fulda\/wp-content\/uploads\/sites\/13\/2024\/03\/IMG_4503-225x300.jpg 225w, https:\/\/www.erneuerung.de\/fulda\/wp-content\/uploads\/sites\/13\/2024\/03\/IMG_4503-rotated.jpg 480w\" sizes=\"(max-width: 225px) 100vw, 225px\" \/><\/a>\n\t\t\t<\/div><\/figure><figure class='gallery-item'>\n\t\t\t<div class='gallery-icon landscape'>\n\t\t\t\t<a href='https:\/\/www.erneuerung.de\/fulda\/2024\/03\/11\/bericht-ueber-das-glaubensseminar-der-ce-fulda-mit-christof-hemberger-im-maerz-2024-bilderserie\/img_4504\/'><img width=\"300\" height=\"225\" src=\"https:\/\/www.erneuerung.de\/fulda\/wp-content\/uploads\/sites\/13\/2024\/03\/IMG_4504-300x225.jpg\" class=\"attachment-medium size-medium\" alt=\"\" srcset=\"https:\/\/www.erneuerung.de\/fulda\/wp-content\/uploads\/sites\/13\/2024\/03\/IMG_4504-300x225.jpg 300w, https:\/\/www.erneuerung.de\/fulda\/wp-content\/uploads\/sites\/13\/2024\/03\/IMG_4504-600x450.jpg 600w, https:\/\/www.erneuerung.de\/fulda\/wp-content\/uploads\/sites\/13\/2024\/03\/IMG_4504.jpg 640w\" sizes=\"(max-width: 300px) 100vw, 300px\" \/><\/a>\n\t\t\t<\/div><\/figure><figure class='gallery-item'>\n\t\t\t<div class='gallery-icon landscape'>\n\t\t\t\t<a href='https:\/\/www.erneuerung.de\/fulda\/2024\/03\/11\/bericht-ueber-das-glaubensseminar-der-ce-fulda-mit-christof-hemberger-im-maerz-2024-bilderserie\/img_4505\/'><img width=\"300\" height=\"225\" src=\"https:\/\/www.erneuerung.de\/fulda\/wp-content\/uploads\/sites\/13\/2024\/03\/IMG_4505-300x225.jpg\" class=\"attachment-medium size-medium\" alt=\"\" srcset=\"https:\/\/www.erneuerung.de\/fulda\/wp-content\/uploads\/sites\/13\/2024\/03\/IMG_4505-300x225.jpg 300w, https:\/\/www.erneuerung.de\/fulda\/wp-content\/uploads\/sites\/13\/2024\/03\/IMG_4505-600x450.jpg 600w, https:\/\/www.erneuerung.de\/fulda\/wp-content\/uploads\/sites\/13\/2024\/03\/IMG_4505.jpg 640w\" sizes=\"(max-width: 300px) 100vw, 300px\" \/><\/a>\n\t\t\t<\/div><\/figure><figure class='gallery-item'>\n\t\t\t<div class='gallery-icon landscape'>\n\t\t\t\t<a href='https:\/\/www.erneuerung.de\/fulda\/2024\/03\/11\/bericht-ueber-das-glaubensseminar-der-ce-fulda-mit-christof-hemberger-im-maerz-2024-bilderserie\/img_4509\/'><img width=\"300\" height=\"225\" src=\"https:\/\/www.erneuerung.de\/fulda\/wp-content\/uploads\/sites\/13\/2024\/03\/IMG_4509-300x225.jpg\" class=\"attachment-medium size-medium\" alt=\"\" srcset=\"https:\/\/www.erneuerung.de\/fulda\/wp-content\/uploads\/sites\/13\/2024\/03\/IMG_4509-300x225.jpg 300w, https:\/\/www.erneuerung.de\/fulda\/wp-content\/uploads\/sites\/13\/2024\/03\/IMG_4509-600x450.jpg 600w, https:\/\/www.erneuerung.de\/fulda\/wp-content\/uploads\/sites\/13\/2024\/03\/IMG_4509.jpg 640w\" sizes=\"(max-width: 300px) 100vw, 300px\" \/><\/a>\n\t\t\t<\/div><\/figure><figure class='gallery-item'>\n\t\t\t<div class='gallery-icon landscape'>\n\t\t\t\t<a href='https:\/\/www.erneuerung.de\/fulda\/2024\/03\/11\/bericht-ueber-das-glaubensseminar-der-ce-fulda-mit-christof-hemberger-im-maerz-2024-bilderserie\/img_4510\/'><img width=\"300\" height=\"225\" src=\"https:\/\/www.erneuerung.de\/fulda\/wp-content\/uploads\/sites\/13\/2024\/03\/IMG_4510-300x225.jpg\" class=\"attachment-medium size-medium\" alt=\"\" srcset=\"https:\/\/www.erneuerung.de\/fulda\/wp-content\/uploads\/sites\/13\/2024\/03\/IMG_4510-300x225.jpg 300w, https:\/\/www.erneuerung.de\/fulda\/wp-content\/uploads\/sites\/13\/2024\/03\/IMG_4510-600x450.jpg 600w, https:\/\/www.erneuerung.de\/fulda\/wp-content\/uploads\/sites\/13\/2024\/03\/IMG_4510.jpg 640w\" sizes=\"(max-width: 300px) 100vw, 300px\" \/><\/a>\n\t\t\t<\/div><\/figure><figure class='gallery-item'>\n\t\t\t<div class='gallery-icon landscape'>\n\t\t\t\t<a href='https:\/\/www.erneuerung.de\/fulda\/2024\/03\/11\/bericht-ueber-das-glaubensseminar-der-ce-fulda-mit-christof-hemberger-im-maerz-2024-bilderserie\/img_4511\/'><img width=\"300\" height=\"225\" src=\"https:\/\/www.erneuerung.de\/fulda\/wp-content\/uploads\/sites\/13\/2024\/03\/IMG_4511-300x225.jpg\" class=\"attachment-medium size-medium\" alt=\"\" srcset=\"https:\/\/www.erneuerung.de\/fulda\/wp-content\/uploads\/sites\/13\/2024\/03\/IMG_4511-300x225.jpg 300w, https:\/\/www.erneuerung.de\/fulda\/wp-content\/uploads\/sites\/13\/2024\/03\/IMG_4511-600x450.jpg 600w, https:\/\/www.erneuerung.de\/fulda\/wp-content\/uploads\/sites\/13\/2024\/03\/IMG_4511.jpg 640w\" sizes=\"(max-width: 300px) 100vw, 300px\" \/><\/a>\n\t\t\t<\/div><\/figure><figure class='gallery-item'>\n\t\t\t<div class='gallery-icon landscape'>\n\t\t\t\t<a href='https:\/\/www.erneuerung.de\/fulda\/2024\/03\/11\/bericht-ueber-das-glaubensseminar-der-ce-fulda-mit-christof-hemberger-im-maerz-2024-bilderserie\/img_4512\/'><img width=\"300\" height=\"225\" src=\"https:\/\/www.erneuerung.de\/fulda\/wp-content\/uploads\/sites\/13\/2024\/03\/IMG_4512-300x225.jpg\" class=\"attachment-medium size-medium\" alt=\"\" srcset=\"https:\/\/www.erneuerung.de\/fulda\/wp-content\/uploads\/sites\/13\/2024\/03\/IMG_4512-300x225.jpg 300w, https:\/\/www.erneuerung.de\/fulda\/wp-content\/uploads\/sites\/13\/2024\/03\/IMG_4512-600x450.jpg 600w, https:\/\/www.erneuerung.de\/fulda\/wp-content\/uploads\/sites\/13\/2024\/03\/IMG_4512.jpg 640w\" sizes=\"(max-width: 300px) 100vw, 300px\" \/><\/a>\n\t\t\t<\/div><\/figure><figure class='gallery-item'>\n\t\t\t<div class='gallery-icon portrait'>\n\t\t\t\t<a href='https:\/\/www.erneuerung.de\/fulda\/2024\/03\/11\/bericht-ueber-das-glaubensseminar-der-ce-fulda-mit-christof-hemberger-im-maerz-2024-bilderserie\/img_4513\/'><img width=\"225\" height=\"300\" src=\"https:\/\/www.erneuerung.de\/fulda\/wp-content\/uploads\/sites\/13\/2024\/03\/IMG_4513-225x300.jpg\" class=\"attachment-medium size-medium\" alt=\"\" srcset=\"https:\/\/www.erneuerung.de\/fulda\/wp-content\/uploads\/sites\/13\/2024\/03\/IMG_4513-225x300.jpg 225w, https:\/\/www.erneuerung.de\/fulda\/wp-content\/uploads\/sites\/13\/2024\/03\/IMG_4513-rotated.jpg 480w\" sizes=\"(max-width: 225px) 100vw, 225px\" \/><\/a>\n\t\t\t<\/div><\/figure><figure class='gallery-item'>\n\t\t\t<div class='gallery-icon landscape'>\n\t\t\t\t<a href='https:\/\/www.erneuerung.de\/fulda\/2024\/03\/11\/bericht-ueber-das-glaubensseminar-der-ce-fulda-mit-christof-hemberger-im-maerz-2024-bilderserie\/img_4515\/'><img width=\"300\" height=\"225\" src=\"https:\/\/www.erneuerung.de\/fulda\/wp-content\/uploads\/sites\/13\/2024\/03\/IMG_4515-300x225.jpg\" class=\"attachment-medium size-medium\" alt=\"\" srcset=\"https:\/\/www.erneuerung.de\/fulda\/wp-content\/uploads\/sites\/13\/2024\/03\/IMG_4515-300x225.jpg 300w, https:\/\/www.erneuerung.de\/fulda\/wp-content\/uploads\/sites\/13\/2024\/03\/IMG_4515-600x450.jpg 600w, https:\/\/www.erneuerung.de\/fulda\/wp-content\/uploads\/sites\/13\/2024\/03\/IMG_4515.jpg 640w\" sizes=\"(max-width: 300px) 100vw, 300px\" \/><\/a>\n\t\t\t<\/div><\/figure><figure class='gallery-item'>\n\t\t\t<div class='gallery-icon landscape'>\n\t\t\t\t<a href='https:\/\/www.erneuerung.de\/fulda\/2024\/03\/11\/bericht-ueber-das-glaubensseminar-der-ce-fulda-mit-christof-hemberger-im-maerz-2024-bilderserie\/img_4516\/'><img width=\"300\" height=\"225\" src=\"https:\/\/www.erneuerung.de\/fulda\/wp-content\/uploads\/sites\/13\/2024\/03\/IMG_4516-300x225.jpg\" class=\"attachment-medium size-medium\" alt=\"\" srcset=\"https:\/\/www.erneuerung.de\/fulda\/wp-content\/uploads\/sites\/13\/2024\/03\/IMG_4516-300x225.jpg 300w, https:\/\/www.erneuerung.de\/fulda\/wp-content\/uploads\/sites\/13\/2024\/03\/IMG_4516-600x450.jpg 600w, https:\/\/www.erneuerung.de\/fulda\/wp-content\/uploads\/sites\/13\/2024\/03\/IMG_4516.jpg 640w\" sizes=\"(max-width: 300px) 100vw, 300px\" \/><\/a>\n\t\t\t<\/div><\/figure><figure class='gallery-item'>\n\t\t\t<div class='gallery-icon landscape'>\n\t\t\t\t<a href='https:\/\/www.erneuerung.de\/fulda\/2024\/03\/11\/bericht-ueber-das-glaubensseminar-der-ce-fulda-mit-christof-hemberger-im-maerz-2024-bilderserie\/img_4517\/'><img width=\"300\" height=\"225\" src=\"https:\/\/www.erneuerung.de\/fulda\/wp-content\/uploads\/sites\/13\/2024\/03\/IMG_4517-300x225.jpg\" class=\"attachment-medium size-medium\" alt=\"\" srcset=\"https:\/\/www.erneuerung.de\/fulda\/wp-content\/uploads\/sites\/13\/2024\/03\/IMG_4517-300x225.jpg 300w, https:\/\/www.erneuerung.de\/fulda\/wp-content\/uploads\/sites\/13\/2024\/03\/IMG_4517-600x450.jpg 600w, https:\/\/www.erneuerung.de\/fulda\/wp-content\/uploads\/sites\/13\/2024\/03\/IMG_4517.jpg 640w\" sizes=\"(max-width: 300px) 100vw, 300px\" \/><\/a>\n\t\t\t<\/div><\/figure><figure class='gallery-item'>\n\t\t\t<div class='gallery-icon portrait'>\n\t\t\t\t<a href='https:\/\/www.erneuerung.de\/fulda\/2024\/03\/11\/bericht-ueber-das-glaubensseminar-der-ce-fulda-mit-christof-hemberger-im-maerz-2024-bilderserie\/img_4518\/'><img width=\"225\" height=\"300\" src=\"https:\/\/www.erneuerung.de\/fulda\/wp-content\/uploads\/sites\/13\/2024\/03\/IMG_4518-225x300.jpg\" class=\"attachment-medium size-medium\" alt=\"\" srcset=\"https:\/\/www.erneuerung.de\/fulda\/wp-content\/uploads\/sites\/13\/2024\/03\/IMG_4518-225x300.jpg 225w, https:\/\/www.erneuerung.de\/fulda\/wp-content\/uploads\/sites\/13\/2024\/03\/IMG_4518-rotated.jpg 480w\" sizes=\"(max-width: 225px) 100vw, 225px\" \/><\/a>\n\t\t\t<\/div><\/figure><figure class='gallery-item'>\n\t\t\t<div class='gallery-icon portrait'>\n\t\t\t\t<a href='https:\/\/www.erneuerung.de\/fulda\/2024\/03\/11\/bericht-ueber-das-glaubensseminar-der-ce-fulda-mit-christof-hemberger-im-maerz-2024-bilderserie\/img_4519\/'><img width=\"225\" height=\"300\" src=\"https:\/\/www.erneuerung.de\/fulda\/wp-content\/uploads\/sites\/13\/2024\/03\/IMG_4519-225x300.jpg\" class=\"attachment-medium size-medium\" alt=\"\" srcset=\"https:\/\/www.erneuerung.de\/fulda\/wp-content\/uploads\/sites\/13\/2024\/03\/IMG_4519-225x300.jpg 225w, https:\/\/www.erneuerung.de\/fulda\/wp-content\/uploads\/sites\/13\/2024\/03\/IMG_4519-rotated.jpg 480w\" sizes=\"(max-width: 225px) 100vw, 225px\" \/><\/a>\n\t\t\t<\/div><\/figure><figure class='gallery-item'>\n\t\t\t<div class='gallery-icon landscape'>\n\t\t\t\t<a href='https:\/\/www.erneuerung.de\/fulda\/2024\/03\/11\/bericht-ueber-das-glaubensseminar-der-ce-fulda-mit-christof-hemberger-im-maerz-2024-bilderserie\/img_4520\/'><img width=\"300\" height=\"225\" src=\"https:\/\/www.erneuerung.de\/fulda\/wp-content\/uploads\/sites\/13\/2024\/03\/IMG_4520-300x225.jpg\" class=\"attachment-medium size-medium\" alt=\"\" srcset=\"https:\/\/www.erneuerung.de\/fulda\/wp-content\/uploads\/sites\/13\/2024\/03\/IMG_4520-300x225.jpg 300w, https:\/\/www.erneuerung.de\/fulda\/wp-content\/uploads\/sites\/13\/2024\/03\/IMG_4520-600x450.jpg 600w, https:\/\/www.erneuerung.de\/fulda\/wp-content\/uploads\/sites\/13\/2024\/03\/IMG_4520.jpg 640w\" sizes=\"(max-width: 300px) 100vw, 300px\" \/><\/a>\n\t\t\t<\/div><\/figure><figure class='gallery-item'>\n\t\t\t<div class='gallery-icon landscape'>\n\t\t\t\t<a href='https:\/\/www.erneuerung.de\/fulda\/2024\/03\/11\/bericht-ueber-das-glaubensseminar-der-ce-fulda-mit-christof-hemberger-im-maerz-2024-bilderserie\/img_4521\/'><img width=\"300\" height=\"225\" src=\"https:\/\/www.erneuerung.de\/fulda\/wp-content\/uploads\/sites\/13\/2024\/03\/IMG_4521-300x225.jpg\" class=\"attachment-medium size-medium\" alt=\"\" srcset=\"https:\/\/www.erneuerung.de\/fulda\/wp-content\/uploads\/sites\/13\/2024\/03\/IMG_4521-300x225.jpg 300w, https:\/\/www.erneuerung.de\/fulda\/wp-content\/uploads\/sites\/13\/2024\/03\/IMG_4521-600x450.jpg 600w, https:\/\/www.erneuerung.de\/fulda\/wp-content\/uploads\/sites\/13\/2024\/03\/IMG_4521.jpg 640w\" sizes=\"(max-width: 300px) 100vw, 300px\" \/><\/a>\n\t\t\t<\/div><\/figure><figure class='gallery-item'>\n\t\t\t<div class='gallery-icon landscape'>\n\t\t\t\t<a href='https:\/\/www.erneuerung.de\/fulda\/2024\/03\/11\/bericht-ueber-das-glaubensseminar-der-ce-fulda-mit-christof-hemberger-im-maerz-2024-bilderserie\/img_4522\/'><img width=\"300\" height=\"225\" src=\"https:\/\/www.erneuerung.de\/fulda\/wp-content\/uploads\/sites\/13\/2024\/03\/IMG_4522-300x225.jpg\" class=\"attachment-medium size-medium\" alt=\"\" srcset=\"https:\/\/www.erneuerung.de\/fulda\/wp-content\/uploads\/sites\/13\/2024\/03\/IMG_4522-300x225.jpg 300w, https:\/\/www.erneuerung.de\/fulda\/wp-content\/uploads\/sites\/13\/2024\/03\/IMG_4522-600x450.jpg 600w, https:\/\/www.erneuerung.de\/fulda\/wp-content\/uploads\/sites\/13\/2024\/03\/IMG_4522.jpg 640w\" sizes=\"(max-width: 300px) 100vw, 300px\" \/><\/a>\n\t\t\t<\/div><\/figure><figure class='gallery-item'>\n\t\t\t<div class='gallery-icon landscape'>\n\t\t\t\t<a href='https:\/\/www.erneuerung.de\/fulda\/2024\/03\/11\/bericht-ueber-das-glaubensseminar-der-ce-fulda-mit-christof-hemberger-im-maerz-2024-bilderserie\/img_4523\/'><img width=\"300\" height=\"225\" src=\"https:\/\/www.erneuerung.de\/fulda\/wp-content\/uploads\/sites\/13\/2024\/03\/IMG_4523-300x225.jpg\" class=\"attachment-medium size-medium\" alt=\"\" srcset=\"https:\/\/www.erneuerung.de\/fulda\/wp-content\/uploads\/sites\/13\/2024\/03\/IMG_4523-300x225.jpg 300w, https:\/\/www.erneuerung.de\/fulda\/wp-content\/uploads\/sites\/13\/2024\/03\/IMG_4523-600x450.jpg 600w, https:\/\/www.erneuerung.de\/fulda\/wp-content\/uploads\/sites\/13\/2024\/03\/IMG_4523.jpg 640w\" sizes=\"(max-width: 300px) 100vw, 300px\" \/><\/a>\n\t\t\t<\/div><\/figure><figure class='gallery-item'>\n\t\t\t<div class='gallery-icon landscape'>\n\t\t\t\t<a href='https:\/\/www.erneuerung.de\/fulda\/2024\/03\/11\/bericht-ueber-das-glaubensseminar-der-ce-fulda-mit-christof-hemberger-im-maerz-2024-bilderserie\/img_4524\/'><img width=\"300\" height=\"225\" src=\"https:\/\/www.erneuerung.de\/fulda\/wp-content\/uploads\/sites\/13\/2024\/03\/IMG_4524-300x225.jpg\" class=\"attachment-medium size-medium\" alt=\"\" srcset=\"https:\/\/www.erneuerung.de\/fulda\/wp-content\/uploads\/sites\/13\/2024\/03\/IMG_4524-300x225.jpg 300w, https:\/\/www.erneuerung.de\/fulda\/wp-content\/uploads\/sites\/13\/2024\/03\/IMG_4524-600x450.jpg 600w, https:\/\/www.erneuerung.de\/fulda\/wp-content\/uploads\/sites\/13\/2024\/03\/IMG_4524.jpg 640w\" sizes=\"(max-width: 300px) 100vw, 300px\" \/><\/a>\n\t\t\t<\/div><\/figure><figure class='gallery-item'>\n\t\t\t<div class='gallery-icon landscape'>\n\t\t\t\t<a href='https:\/\/www.erneuerung.de\/fulda\/2024\/03\/11\/bericht-ueber-das-glaubensseminar-der-ce-fulda-mit-christof-hemberger-im-maerz-2024-bilderserie\/img_4525\/'><img width=\"300\" height=\"225\" src=\"https:\/\/www.erneuerung.de\/fulda\/wp-content\/uploads\/sites\/13\/2024\/03\/IMG_4525-300x225.jpg\" class=\"attachment-medium size-medium\" alt=\"\" srcset=\"https:\/\/www.erneuerung.de\/fulda\/wp-content\/uploads\/sites\/13\/2024\/03\/IMG_4525-300x225.jpg 300w, https:\/\/www.erneuerung.de\/fulda\/wp-content\/uploads\/sites\/13\/2024\/03\/IMG_4525-600x450.jpg 600w, https:\/\/www.erneuerung.de\/fulda\/wp-content\/uploads\/sites\/13\/2024\/03\/IMG_4525.jpg 640w\" sizes=\"(max-width: 300px) 100vw, 300px\" \/><\/a>\n\t\t\t<\/div><\/figure><figure class='gallery-item'>\n\t\t\t<div class='gallery-icon landscape'>\n\t\t\t\t<a href='https:\/\/www.erneuerung.de\/fulda\/2024\/03\/11\/bericht-ueber-das-glaubensseminar-der-ce-fulda-mit-christof-hemberger-im-maerz-2024-bilderserie\/img_4527\/'><img width=\"300\" height=\"225\" src=\"https:\/\/www.erneuerung.de\/fulda\/wp-content\/uploads\/sites\/13\/2024\/03\/IMG_4527-300x225.jpg\" class=\"attachment-medium size-medium\" alt=\"\" srcset=\"https:\/\/www.erneuerung.de\/fulda\/wp-content\/uploads\/sites\/13\/2024\/03\/IMG_4527-300x225.jpg 300w, https:\/\/www.erneuerung.de\/fulda\/wp-content\/uploads\/sites\/13\/2024\/03\/IMG_4527-600x450.jpg 600w, https:\/\/www.erneuerung.de\/fulda\/wp-content\/uploads\/sites\/13\/2024\/03\/IMG_4527.jpg 640w\" sizes=\"(max-width: 300px) 100vw, 300px\" \/><\/a>\n\t\t\t<\/div><\/figure><figure class='gallery-item'>\n\t\t\t<div class='gallery-icon landscape'>\n\t\t\t\t<a href='https:\/\/www.erneuerung.de\/fulda\/2024\/03\/11\/bericht-ueber-das-glaubensseminar-der-ce-fulda-mit-christof-hemberger-im-maerz-2024-bilderserie\/img_4528\/'><img width=\"300\" height=\"225\" src=\"https:\/\/www.erneuerung.de\/fulda\/wp-content\/uploads\/sites\/13\/2024\/03\/IMG_4528-300x225.jpg\" class=\"attachment-medium size-medium\" alt=\"\" srcset=\"https:\/\/www.erneuerung.de\/fulda\/wp-content\/uploads\/sites\/13\/2024\/03\/IMG_4528-300x225.jpg 300w, https:\/\/www.erneuerung.de\/fulda\/wp-content\/uploads\/sites\/13\/2024\/03\/IMG_4528-600x450.jpg 600w, https:\/\/www.erneuerung.de\/fulda\/wp-content\/uploads\/sites\/13\/2024\/03\/IMG_4528.jpg 640w\" sizes=\"(max-width: 300px) 100vw, 300px\" \/><\/a>\n\t\t\t<\/div><\/figure><figure class='gallery-item'>\n\t\t\t<div class='gallery-icon portrait'>\n\t\t\t\t<a href='https:\/\/www.erneuerung.de\/fulda\/2024\/03\/11\/bericht-ueber-das-glaubensseminar-der-ce-fulda-mit-christof-hemberger-im-maerz-2024-bilderserie\/img_4530\/'><img width=\"225\" height=\"300\" src=\"https:\/\/www.erneuerung.de\/fulda\/wp-content\/uploads\/sites\/13\/2024\/03\/IMG_4530-225x300.jpg\" class=\"attachment-medium size-medium\" alt=\"\" srcset=\"https:\/\/www.erneuerung.de\/fulda\/wp-content\/uploads\/sites\/13\/2024\/03\/IMG_4530-225x300.jpg 225w, https:\/\/www.erneuerung.de\/fulda\/wp-content\/uploads\/sites\/13\/2024\/03\/IMG_4530-rotated.jpg 480w\" sizes=\"(max-width: 225px) 100vw, 225px\" \/><\/a>\n\t\t\t<\/div><\/figure><figure class='gallery-item'>\n\t\t\t<div class='gallery-icon landscape'>\n\t\t\t\t<a href='https:\/\/www.erneuerung.de\/fulda\/2024\/03\/11\/bericht-ueber-das-glaubensseminar-der-ce-fulda-mit-christof-hemberger-im-maerz-2024-bilderserie\/img_4531\/'><img width=\"300\" height=\"225\" src=\"https:\/\/www.erneuerung.de\/fulda\/wp-content\/uploads\/sites\/13\/2024\/03\/IMG_4531-300x225.jpg\" class=\"attachment-medium size-medium\" alt=\"\" srcset=\"https:\/\/www.erneuerung.de\/fulda\/wp-content\/uploads\/sites\/13\/2024\/03\/IMG_4531-300x225.jpg 300w, https:\/\/www.erneuerung.de\/fulda\/wp-content\/uploads\/sites\/13\/2024\/03\/IMG_4531-600x450.jpg 600w, https:\/\/www.erneuerung.de\/fulda\/wp-content\/uploads\/sites\/13\/2024\/03\/IMG_4531.jpg 640w\" sizes=\"(max-width: 300px) 100vw, 300px\" \/><\/a>\n\t\t\t<\/div><\/figure><figure class='gallery-item'>\n\t\t\t<div class='gallery-icon portrait'>\n\t\t\t\t<a href='https:\/\/www.erneuerung.de\/fulda\/2024\/03\/11\/bericht-ueber-das-glaubensseminar-der-ce-fulda-mit-christof-hemberger-im-maerz-2024-bilderserie\/img_4532\/'><img width=\"225\" height=\"300\" src=\"https:\/\/www.erneuerung.de\/fulda\/wp-content\/uploads\/sites\/13\/2024\/03\/IMG_4532-225x300.jpg\" class=\"attachment-medium size-medium\" alt=\"\" srcset=\"https:\/\/www.erneuerung.de\/fulda\/wp-content\/uploads\/sites\/13\/2024\/03\/IMG_4532-225x300.jpg 225w, https:\/\/www.erneuerung.de\/fulda\/wp-content\/uploads\/sites\/13\/2024\/03\/IMG_4532-rotated.jpg 480w\" sizes=\"(max-width: 225px) 100vw, 225px\" \/><\/a>\n\t\t\t<\/div><\/figure><figure class='gallery-item'>\n\t\t\t<div class='gallery-icon landscape'>\n\t\t\t\t<a href='https:\/\/www.erneuerung.de\/fulda\/2024\/03\/11\/bericht-ueber-das-glaubensseminar-der-ce-fulda-mit-christof-hemberger-im-maerz-2024-bilderserie\/img_4534\/'><img width=\"300\" height=\"225\" src=\"https:\/\/www.erneuerung.de\/fulda\/wp-content\/uploads\/sites\/13\/2024\/03\/IMG_4534-300x225.jpg\" class=\"attachment-medium size-medium\" alt=\"\" srcset=\"https:\/\/www.erneuerung.de\/fulda\/wp-content\/uploads\/sites\/13\/2024\/03\/IMG_4534-300x225.jpg 300w, https:\/\/www.erneuerung.de\/fulda\/wp-content\/uploads\/sites\/13\/2024\/03\/IMG_4534-600x450.jpg 600w, https:\/\/www.erneuerung.de\/fulda\/wp-content\/uploads\/sites\/13\/2024\/03\/IMG_4534.jpg 640w\" sizes=\"(max-width: 300px) 100vw, 300px\" \/><\/a>\n\t\t\t<\/div><\/figure><figure class='gallery-item'>\n\t\t\t<div class='gallery-icon landscape'>\n\t\t\t\t<a href='https:\/\/www.erneuerung.de\/fulda\/2024\/03\/11\/bericht-ueber-das-glaubensseminar-der-ce-fulda-mit-christof-hemberger-im-maerz-2024-bilderserie\/img_4535\/'><img width=\"300\" height=\"225\" src=\"https:\/\/www.erneuerung.de\/fulda\/wp-content\/uploads\/sites\/13\/2024\/03\/IMG_4535-300x225.jpg\" class=\"attachment-medium size-medium\" alt=\"\" srcset=\"https:\/\/www.erneuerung.de\/fulda\/wp-content\/uploads\/sites\/13\/2024\/03\/IMG_4535-300x225.jpg 300w, https:\/\/www.erneuerung.de\/fulda\/wp-content\/uploads\/sites\/13\/2024\/03\/IMG_4535-600x450.jpg 600w, https:\/\/www.erneuerung.de\/fulda\/wp-content\/uploads\/sites\/13\/2024\/03\/IMG_4535.jpg 640w\" sizes=\"(max-width: 300px) 100vw, 300px\" \/><\/a>\n\t\t\t<\/div><\/figure><figure class='gallery-item'>\n\t\t\t<div class='gallery-icon landscape'>\n\t\t\t\t<a href='https:\/\/www.erneuerung.de\/fulda\/2024\/03\/11\/bericht-ueber-das-glaubensseminar-der-ce-fulda-mit-christof-hemberger-im-maerz-2024-bilderserie\/img_4536\/'><img width=\"300\" height=\"225\" src=\"https:\/\/www.erneuerung.de\/fulda\/wp-content\/uploads\/sites\/13\/2024\/03\/IMG_4536-300x225.jpg\" class=\"attachment-medium size-medium\" alt=\"\" srcset=\"https:\/\/www.erneuerung.de\/fulda\/wp-content\/uploads\/sites\/13\/2024\/03\/IMG_4536-300x225.jpg 300w, https:\/\/www.erneuerung.de\/fulda\/wp-content\/uploads\/sites\/13\/2024\/03\/IMG_4536-600x450.jpg 600w, https:\/\/www.erneuerung.de\/fulda\/wp-content\/uploads\/sites\/13\/2024\/03\/IMG_4536.jpg 640w\" sizes=\"(max-width: 300px) 100vw, 300px\" \/><\/a>\n\t\t\t<\/div><\/figure><figure class='gallery-item'>\n\t\t\t<div class='gallery-icon landscape'>\n\t\t\t\t<a href='https:\/\/www.erneuerung.de\/fulda\/2024\/03\/11\/bericht-ueber-das-glaubensseminar-der-ce-fulda-mit-christof-hemberger-im-maerz-2024-bilderserie\/img_4537\/'><img width=\"300\" height=\"225\" src=\"https:\/\/www.erneuerung.de\/fulda\/wp-content\/uploads\/sites\/13\/2024\/03\/IMG_4537-300x225.jpg\" class=\"attachment-medium size-medium\" alt=\"\" srcset=\"https:\/\/www.erneuerung.de\/fulda\/wp-content\/uploads\/sites\/13\/2024\/03\/IMG_4537-300x225.jpg 300w, https:\/\/www.erneuerung.de\/fulda\/wp-content\/uploads\/sites\/13\/2024\/03\/IMG_4537-600x450.jpg 600w, https:\/\/www.erneuerung.de\/fulda\/wp-content\/uploads\/sites\/13\/2024\/03\/IMG_4537.jpg 640w\" sizes=\"(max-width: 300px) 100vw, 300px\" \/><\/a>\n\t\t\t<\/div><\/figure><figure class='gallery-item'>\n\t\t\t<div class='gallery-icon landscape'>\n\t\t\t\t<a href='https:\/\/www.erneuerung.de\/fulda\/2024\/03\/11\/bericht-ueber-das-glaubensseminar-der-ce-fulda-mit-christof-hemberger-im-maerz-2024-bilderserie\/img_4538\/'><img width=\"300\" height=\"225\" src=\"https:\/\/www.erneuerung.de\/fulda\/wp-content\/uploads\/sites\/13\/2024\/03\/IMG_4538-300x225.jpg\" class=\"attachment-medium size-medium\" alt=\"\" srcset=\"https:\/\/www.erneuerung.de\/fulda\/wp-content\/uploads\/sites\/13\/2024\/03\/IMG_4538-300x225.jpg 300w, https:\/\/www.erneuerung.de\/fulda\/wp-content\/uploads\/sites\/13\/2024\/03\/IMG_4538-600x450.jpg 600w, https:\/\/www.erneuerung.de\/fulda\/wp-content\/uploads\/sites\/13\/2024\/03\/IMG_4538.jpg 640w\" sizes=\"(max-width: 300px) 100vw, 300px\" \/><\/a>\n\t\t\t<\/div><\/figure><figure class='gallery-item'>\n\t\t\t<div class='gallery-icon portrait'>\n\t\t\t\t<a href='https:\/\/www.erneuerung.de\/fulda\/2024\/03\/11\/bericht-ueber-das-glaubensseminar-der-ce-fulda-mit-christof-hemberger-im-maerz-2024-bilderserie\/img_4541\/'><img width=\"225\" height=\"300\" src=\"https:\/\/www.erneuerung.de\/fulda\/wp-content\/uploads\/sites\/13\/2024\/03\/IMG_4541-225x300.jpg\" class=\"attachment-medium size-medium\" alt=\"\" srcset=\"https:\/\/www.erneuerung.de\/fulda\/wp-content\/uploads\/sites\/13\/2024\/03\/IMG_4541-225x300.jpg 225w, https:\/\/www.erneuerung.de\/fulda\/wp-content\/uploads\/sites\/13\/2024\/03\/IMG_4541-rotated.jpg 480w\" sizes=\"(max-width: 225px) 100vw, 225px\" \/><\/a>\n\t\t\t<\/div><\/figure><figure class='gallery-item'>\n\t\t\t<div class='gallery-icon landscape'>\n\t\t\t\t<a href='https:\/\/www.erneuerung.de\/fulda\/2024\/03\/11\/bericht-ueber-das-glaubensseminar-der-ce-fulda-mit-christof-hemberger-im-maerz-2024-bilderserie\/img_4546\/'><img width=\"300\" height=\"225\" src=\"https:\/\/www.erneuerung.de\/fulda\/wp-content\/uploads\/sites\/13\/2024\/03\/IMG_4546-300x225.jpg\" class=\"attachment-medium size-medium\" alt=\"\" srcset=\"https:\/\/www.erneuerung.de\/fulda\/wp-content\/uploads\/sites\/13\/2024\/03\/IMG_4546-300x225.jpg 300w, https:\/\/www.erneuerung.de\/fulda\/wp-content\/uploads\/sites\/13\/2024\/03\/IMG_4546-600x450.jpg 600w, https:\/\/www.erneuerung.de\/fulda\/wp-content\/uploads\/sites\/13\/2024\/03\/IMG_4546.jpg 640w\" sizes=\"(max-width: 300px) 100vw, 300px\" \/><\/a>\n\t\t\t<\/div><\/figure><figure class='gallery-item'>\n\t\t\t<div class='gallery-icon landscape'>\n\t\t\t\t<a href='https:\/\/www.erneuerung.de\/fulda\/2024\/03\/11\/bericht-ueber-das-glaubensseminar-der-ce-fulda-mit-christof-hemberger-im-maerz-2024-bilderserie\/img_4548\/'><img width=\"300\" height=\"225\" src=\"https:\/\/www.erneuerung.de\/fulda\/wp-content\/uploads\/sites\/13\/2024\/03\/IMG_4548-300x225.jpg\" class=\"attachment-medium size-medium\" alt=\"\" srcset=\"https:\/\/www.erneuerung.de\/fulda\/wp-content\/uploads\/sites\/13\/2024\/03\/IMG_4548-300x225.jpg 300w, https:\/\/www.erneuerung.de\/fulda\/wp-content\/uploads\/sites\/13\/2024\/03\/IMG_4548-600x450.jpg 600w, https:\/\/www.erneuerung.de\/fulda\/wp-content\/uploads\/sites\/13\/2024\/03\/IMG_4548.jpg 640w\" sizes=\"(max-width: 300px) 100vw, 300px\" \/><\/a>\n\t\t\t<\/div><\/figure><figure class='gallery-item'>\n\t\t\t<div class='gallery-icon landscape'>\n\t\t\t\t<a href='https:\/\/www.erneuerung.de\/fulda\/2024\/03\/11\/bericht-ueber-das-glaubensseminar-der-ce-fulda-mit-christof-hemberger-im-maerz-2024-bilderserie\/img_4549\/'><img width=\"300\" height=\"225\" src=\"https:\/\/www.erneuerung.de\/fulda\/wp-content\/uploads\/sites\/13\/2024\/03\/IMG_4549-300x225.jpg\" class=\"attachment-medium size-medium\" alt=\"\" srcset=\"https:\/\/www.erneuerung.de\/fulda\/wp-content\/uploads\/sites\/13\/2024\/03\/IMG_4549-300x225.jpg 300w, https:\/\/www.erneuerung.de\/fulda\/wp-content\/uploads\/sites\/13\/2024\/03\/IMG_4549-600x450.jpg 600w, https:\/\/www.erneuerung.de\/fulda\/wp-content\/uploads\/sites\/13\/2024\/03\/IMG_4549.jpg 640w\" sizes=\"(max-width: 300px) 100vw, 300px\" \/><\/a>\n\t\t\t<\/div><\/figure><figure class='gallery-item'>\n\t\t\t<div class='gallery-icon portrait'>\n\t\t\t\t<a href='https:\/\/www.erneuerung.de\/fulda\/2024\/03\/11\/bericht-ueber-das-glaubensseminar-der-ce-fulda-mit-christof-hemberger-im-maerz-2024-bilderserie\/img_4550\/'><img width=\"225\" height=\"300\" src=\"https:\/\/www.erneuerung.de\/fulda\/wp-content\/uploads\/sites\/13\/2024\/03\/IMG_4550-225x300.jpg\" class=\"attachment-medium size-medium\" alt=\"\" srcset=\"https:\/\/www.erneuerung.de\/fulda\/wp-content\/uploads\/sites\/13\/2024\/03\/IMG_4550-225x300.jpg 225w, https:\/\/www.erneuerung.de\/fulda\/wp-content\/uploads\/sites\/13\/2024\/03\/IMG_4550-rotated.jpg 480w\" sizes=\"(max-width: 225px) 100vw, 225px\" \/><\/a>\n\t\t\t<\/div><\/figure><figure class='gallery-item'>\n\t\t\t<div class='gallery-icon landscape'>\n\t\t\t\t<a href='https:\/\/www.erneuerung.de\/fulda\/2024\/03\/11\/bericht-ueber-das-glaubensseminar-der-ce-fulda-mit-christof-hemberger-im-maerz-2024-bilderserie\/photo-2024-03-08-22-16-09\/'><img width=\"300\" height=\"225\" src=\"https:\/\/www.erneuerung.de\/fulda\/wp-content\/uploads\/sites\/13\/2024\/03\/PHOTO-2024-03-08-22-16-09-300x225.jpg\" class=\"attachment-medium size-medium\" alt=\"\" srcset=\"https:\/\/www.erneuerung.de\/fulda\/wp-content\/uploads\/sites\/13\/2024\/03\/PHOTO-2024-03-08-22-16-09-300x225.jpg 300w, https:\/\/www.erneuerung.de\/fulda\/wp-content\/uploads\/sites\/13\/2024\/03\/PHOTO-2024-03-08-22-16-09-1024x768.jpg 1024w, https:\/\/www.erneuerung.de\/fulda\/wp-content\/uploads\/sites\/13\/2024\/03\/PHOTO-2024-03-08-22-16-09-768x576.jpg 768w, https:\/\/www.erneuerung.de\/fulda\/wp-content\/uploads\/sites\/13\/2024\/03\/PHOTO-2024-03-08-22-16-09-1536x1152.jpg 1536w, https:\/\/www.erneuerung.de\/fulda\/wp-content\/uploads\/sites\/13\/2024\/03\/PHOTO-2024-03-08-22-16-09-600x450.jpg 600w, https:\/\/www.erneuerung.de\/fulda\/wp-content\/uploads\/sites\/13\/2024\/03\/PHOTO-2024-03-08-22-16-09.jpg 1600w\" sizes=\"(max-width: 300px) 100vw, 300px\" \/><\/a>\n\t\t\t<\/div><\/figure>\n\t\t<\/div>\n\n","protected":false},"excerpt":{"rendered":"<p>&#8222;Nicht mehr ich lebe, sondern Christus lebt in mir!&#8220; (Galater 2,20) Von Freitag, 08.03.2024, bis Sonntag, 10.03.2024 veranstaltete die Charismatische&#8230;<\/p>\n","protected":false},"author":574,"featured_media":2449,"comment_status":"closed","ping_status":"closed","sticky":false,"template":"","format":"standard","meta":{"footnotes":""},"categories":[1],"tags":[44,43,41,42,45],"class_list":{"0":"post-2447","1":"post","2":"type-post","3":"status-publish","4":"format-standard","5":"has-post-thumbnail","7":"category-allgemein","8":"tag-bernhard-axt","9":"tag-ce-fulda","10":"tag-ce-wochenende","11":"tag-christof-hemberger","12":"tag-kloster-huenfeld"},"post_mailing_queue_ids":[],"menu_order":0,"_links":{"self":[{"href":"https:\/\/www.erneuerung.de\/fulda\/wp-json\/wp\/v2\/posts\/2447","targetHints":{"allow":["GET"]}}],"collection":[{"href":"https:\/\/www.erneuerung.de\/fulda\/wp-json\/wp\/v2\/posts"}],"about":[{"href":"https:\/\/www.erneuerung.de\/fulda\/wp-json\/wp\/v2\/types\/post"}],"author":[{"embeddable":true,"href":"https:\/\/www.erneuerung.de\/fulda\/wp-json\/wp\/v2\/users\/574"}],"replies":[{"embeddable":true,"href":"https:\/\/www.erneuerung.de\/fulda\/wp-json\/wp\/v2\/comments?post=2447"}],"version-history":[{"count":5,"href":"https:\/\/www.erneuerung.de\/fulda\/wp-json\/wp\/v2\/posts\/2447\/revisions"}],"predecessor-version":[{"id":2537,"href":"https:\/\/www.erneuerung.de\/fulda\/wp-json\/wp\/v2\/posts\/2447\/revisions\/2537"}],"wp:featuredmedia":[{"embeddable":true,"href":"https:\/\/www.erneuerung.de\/fulda\/wp-json\/wp\/v2\/media\/2449"}],"wp:attachment":[{"href":"https:\/\/www.erneuerung.de\/fulda\/wp-json\/wp\/v2\/media?parent=2447"}],"wp:term":[{"taxonomy":"category","embeddable":true,"href":"https:\/\/www.erneuerung.de\/fulda\/wp-json\/wp\/v2\/categories?post=2447"},{"taxonomy":"post_tag","embeddable":true,"href":"https:\/\/www.erneuerung.de\/fulda\/wp-json\/wp\/v2\/tags?post=2447"}],"curies":[{"name":"wp","href":"https:\/\/api.w.org\/{rel}","templated":true}]}}