{"id":910,"date":"2020-03-29T13:15:44","date_gmt":"2020-03-29T11:15:44","guid":{"rendered":"https:\/\/www.erneuerung.de\/freiburg\/?p=910"},"modified":"2020-03-29T13:19:34","modified_gmt":"2020-03-29T11:19:34","slug":"seminar-seid-brennend-im-heiligen-geist-mit-marie-luise-winter","status":"publish","type":"post","link":"https:\/\/www.erneuerung.de\/freiburg\/2020\/03\/29\/seminar-seid-brennend-im-heiligen-geist-mit-marie-luise-winter\/","title":{"rendered":"Seminar \u201eSeid brennend im Heiligen Geist\u201c mit Marie-Luise Winter"},"content":{"rendered":"<p>Wir durften in Oberkirch ein Wochenende erleben, das uns wieder tief ber\u00fchrt hat. Ob es um das Dienen ging oder um das Gesetz von Saat und Ernte, die Kraft der Entscheidung, oder erneuertes Denken, immer verstand es Marie-Luise die Schriftstellen mit Leben und eigener Erfahrung anzureichern, so dass sie f\u00fcr uns Teilnehmer anschaulich und gut verdaulich wurden. Die Anbetungszeiten und Eucharistiefeiern lie\u00dfen uns die Gegenwart Gottes im Heiligen Geist real sp\u00fcren.<\/p>\n<p>Daf\u00fcr vielen Dank!<\/p>\n<p>&nbsp;<\/p>\n<p>&nbsp;<\/p>\n","protected":false},"excerpt":{"rendered":"<p>Wir durften in Oberkirch ein Wochenende erleben, das uns wieder tief ber\u00fchrt hat. Ob es um das Dienen ging oder&#8230;<\/p>\n","protected":false},"author":471,"featured_media":912,"comment_status":"closed","ping_status":"closed","sticky":false,"template":"","format":"standard","meta":{"footnotes":""},"categories":[1],"tags":[],"class_list":{"0":"post-910","1":"post","2":"type-post","3":"status-publish","4":"format-standard","5":"has-post-thumbnail","7":"category-allgemein"},"post_mailing_queue_ids":[],"menu_order":0,"_links":{"self":[{"href":"https:\/\/www.erneuerung.de\/freiburg\/wp-json\/wp\/v2\/posts\/910","targetHints":{"allow":["GET"]}}],"collection":[{"href":"https:\/\/www.erneuerung.de\/freiburg\/wp-json\/wp\/v2\/posts"}],"about":[{"href":"https:\/\/www.erneuerung.de\/freiburg\/wp-json\/wp\/v2\/types\/post"}],"author":[{"embeddable":true,"href":"https:\/\/www.erneuerung.de\/freiburg\/wp-json\/wp\/v2\/users\/471"}],"replies":[{"embeddable":true,"href":"https:\/\/www.erneuerung.de\/freiburg\/wp-json\/wp\/v2\/comments?post=910"}],"version-history":[{"count":1,"href":"https:\/\/www.erneuerung.de\/freiburg\/wp-json\/wp\/v2\/posts\/910\/revisions"}],"predecessor-version":[{"id":911,"href":"https:\/\/www.erneuerung.de\/freiburg\/wp-json\/wp\/v2\/posts\/910\/revisions\/911"}],"wp:featuredmedia":[{"embeddable":true,"href":"https:\/\/www.erneuerung.de\/freiburg\/wp-json\/wp\/v2\/media\/912"}],"wp:attachment":[{"href":"https:\/\/www.erneuerung.de\/freiburg\/wp-json\/wp\/v2\/media?parent=910"}],"wp:term":[{"taxonomy":"category","embeddable":true,"href":"https:\/\/www.erneuerung.de\/freiburg\/wp-json\/wp\/v2\/categories?post=910"},{"taxonomy":"post_tag","embeddable":true,"href":"https:\/\/www.erneuerung.de\/freiburg\/wp-json\/wp\/v2\/tags?post=910"}],"curies":[{"name":"wp","href":"https:\/\/api.w.org\/{rel}","templated":true}]}}