{"id":1048,"date":"2021-04-18T11:14:22","date_gmt":"2021-04-18T09:14:22","guid":{"rendered":"https:\/\/www.erneuerung.de\/freiburg\/?p=1048"},"modified":"2021-05-24T12:50:58","modified_gmt":"2021-05-24T10:50:58","slug":"schuld-und-scham-gefuehle-die-wir-alle-kennen","status":"publish","type":"post","link":"https:\/\/www.erneuerung.de\/freiburg\/2021\/04\/18\/schuld-und-scham-gefuehle-die-wir-alle-kennen\/","title":{"rendered":"Zusammenfassung des Vortrags: \u201eSchuld und Scham. Gef\u00fchle die wir alle kennen&#8220;"},"content":{"rendered":"\n<p>Zinsammenfassung des Themas des Begegnungsabend mit <strong>Waltraud Fie\u00df<\/strong><\/p>\n\n\n\n<p><\/p>\n\n\n\n<p><strong>Schuld und Scham \u2013 zwei starke Gef\u00fchle<\/strong><strong><\/strong><\/p>\n\n\n\n<p>Vom schmerzhaftesten Gef\u00fchl \u00fcberhaupt, der Scham, und ihrer Schwester, der Schuld, sprach Waltraud Fie\u00df aus Oberkirch beim Begegnungsabend der Charismatischen Erneuerung Mittelbaden im M\u00e4rz 2021 in der Pfarrkirche Achern. Sie erkl\u00e4rte, was die beiden Gef\u00fchle gemeinsam haben, warum aus Scham auch Schuld werden kann und wie verst\u00e4ndnisvolle Menschen und Gottes bedingungslose Annahme einem besch\u00e4mten und schuldigen Menschen neues Selbstwertgef\u00fchl geben k\u00f6nnen.<\/p>\n\n\n\n<p>Viele zornige, zynische, besserwisserische oder arrogante Menschen verhalten sich so, weil sie besch\u00e4mt wurden. Sie wurden vielleicht schon als Kinder abgelehnt, erfuhren sich selbst als nicht liebenswert und nicht dazu geh\u00f6rig und sch\u00e4mten sich daf\u00fcr. Das Gef\u00fchl der Ohnmacht, das sich dabei einstellt, wollen sie auch als Erwachsene unbedingt vermeiden. Sie sch\u00fctzen sich davor mit unfreundlichem Verhalten gegen\u00fcber ihren Mitmenschen oder fl\u00fcchten sich in eine Sucht.<\/p>\n\n\n\n<p>Scham ist eigentlich ein gutes und wichtiges Gef\u00fchl, das anzeigt, was gut und passend ist und was nicht. Gesunde Scham sch\u00fctzt davor, die eigenen Grenzen und die der anderen nicht zu \u00fcbertreten. Die Scham ist die H\u00fcterin der menschlichen W\u00fcrde. In einer liebevollen Erziehung, in der das Kind sich angenommen f\u00fchlt auch wenn es Fehler macht, entwickelte sich ein gesundes Schamgef\u00fchl.<\/p>\n\n\n\n<p><strong>Scham-Abwehr ist schwer zu erkennen<\/strong><strong><\/strong><\/p>\n\n\n\n<p>Besch\u00e4mung durch Zur\u00fcckweisung kann sich lebenslang auswirken. Sie tut so weh, weil der Mensch sich dabei als nicht liebenswert empfindet. Besonders wirksam ist Besch\u00e4mung in der Beziehung zwischen Eltern und Kind, Lehrer und Sch\u00fcler, Chef und Mitarbeiter, Priester und Laie. Ihre Folge ist die Schamabwehr. Die kann sehr unterschiedlich ausfallen und ist meist schwer zu erkennen. Daf\u00fcr hatte Waltraud Fie\u00df ein harmloses und ein heftiges Beispiel mitgebracht:<\/p>\n\n\n\n<p>Ein Mann singt im Gottesdienst eine Liedstrophe, die eigentlich \u00fcbersprungen wurde, er singt also den falschen Text. Seine Frau macht ihn durch einen Fingerzeig darauf aufmerksam. Reflexartig knufft er sie daf\u00fcr mit seinem Ellenbogen in die Seite \u2013 Schamabwehr! Ein Mann aus einem anderen Kulturkreis erkl\u00e4rt, er m\u00fcsste seine 17-j\u00e4hrige Schwester umbringen, wenn er sie mit einem Mann im Bett vorf\u00e4nde.<strong> <\/strong>Seine ganze Familie w\u00e4re dadurch unertr\u00e4glich besch\u00e4mt. Gerade der letzte Fall zeigt, dass Menschen lieber Schuld auf sich laden, als die Scham auszuhalten.<\/p>\n\n\n\n<p><strong>Schuld und Scham als Geschwister<\/strong><strong><\/strong><\/p>\n\n\n\n<p>Beide Gef\u00fchle, Schuld und Scham, l\u00f6sen Angst aus. Bei der Schuld ist es die Angst vor einer Bestrafung. Bei der Scham ist es die Angst vor weiterer Besch\u00e4mung. Die Schuld sagt: Du hast einen Fehler gemacht. Die Scham aber sagt: Du bist ein Fehler, du bist nicht in Ordnung. Bei der Scham geht es also um die Minderung des eigenen Selbstwertgef\u00fchls. Deshalb, so die Sprecherin, ist Schuld auch leichter zu \u00fcberwinden als Scham. Schuld l\u00e4sst sich durch Reue und Wiedergutmachung tilgen. Mit Besch\u00e4mung dagegen funktioniert das nicht.<\/p>\n\n\n\n<p>Waltraud Fie\u00df wies auch auf irrationale Schuldgef\u00fchle hin. Sie entstehen, wenn Kinder f\u00fcr Dinge verantwortlich gemacht werden, f\u00fcr die sie gar nicht verantwortlich sind: Du bist schuld, dass die Mama Kopfweh hat, dass die Mama dies oder jenes nicht machen kann. Oder: Du bringst die Mama noch ins Grab! Solche entwertenden Worte brennen sich tief ein. Noch als Erwachsener denkt der so manipulierte Mensch, dass er niemals liebenswert und bedeutungsvoll sein kann. Welche eine L\u00fcge!<\/p>\n\n\n\n<p><strong>Gibt es Rettung aus Schuld und Scham? Ja!<\/strong><strong><\/strong><\/p>\n\n\n\n<p>\u201eIch schenke euch ein neues Herz und lege einen neuen Geist in euch. Ich nehme das Herz von Stein aus eurer Brust und gebe euch ein Herz von Fleisch\u201c.<br>Ezechiel 36, 26<\/p>\n\n\n\n<p>Wer selbstsch\u00e4digenden Verhaltensweisen zur Abwehr von Scham (Zorn, Wut, Groll, Neid, Trotz, Arroganz, Besserwisserei, Perfektionismus, Suchtverhalten \u2026) beenden m\u00f6chte, muss im ersten Schritt anerkennen, worum es sich dabei handelt. Er braucht daf\u00fcr Mut und Kraft. Der Glaube kann ihm eine wesentliche Hilfe sein.<\/p>\n\n\n\n<p>\u201eDenn Gott hat uns nicht einen Geist der Verzagtheit gegeben, sondern den Geist der Kraft, der Liebe und der Besonnenheit.\u201d<br>2. Timotheus 1, 7<\/p>\n\n\n\n<p>Gottes Heiliger Geist hilft dabei, das Verdr\u00e4ngen oder die Weitergabe von Schuld und Scham an andere zu beenden. Die eigenen unguten Strukturen anzuerkennen, die aus Schuld und Scham erwachsen sind, kann sehr schmerzhaft sein. Aber nur so beginnt ein Weg zu Selbstachtung, Selbstannahme und Selbstliebe. Ein gesch\u00fctzter Raum, ein Seelsorger oder Therapeut, ein Freund oder eine Freundin sind auf diesem Weg unverzichtbar. Mit Weisheit und Barmherzigkeit helfen sie dabei, die Opferrolle zu verlassen.<\/p>\n\n\n\n<p>Die Vertrauensperson hat die Aufgabe, \u00fcber die L\u00fcge aufzukl\u00e4ren, nichts wert zu sein oder schuld zu sein f\u00fcr Dinge, f\u00fcr die der Betroffene keine Verantwortung tr\u00e4gt. So kann der Besch\u00e4mte lernen, Mitgef\u00fchl f\u00fcr sich selbst zu entwickeln. Wer die Selbstverurteilungen und das eigene Kleinmachen unterl\u00e4sst, kann sich zunehmend selbst erlauben, erfolgreich und unabh\u00e4ngig zu sein. Geheilt ist Scham dann, wenn der Mensch offen und ehrlich dar\u00fcber reden kann.<\/p>\n\n\n\n<p><strong>Jesus nahm Angriffe nie pers\u00f6nlich<\/strong><strong><\/strong><\/p>\n\n\n\n<p>Jesus Christus wurde oft besch\u00e4mt und klein gemacht. Aber er reagierte darauf nie \u00e4ngstlich oder aggressiv, sondern mit gro\u00dfer Ruhe und Besonnenheit. Es war die Gewissheit der unumst\u00f6\u00dflichen Liebe des Vaters im Himmel, die ihm Kraft, St\u00e4rke und vor allem Souver\u00e4nit\u00e4t gab. Diese Liebe des Vaters gilt jedem Menschen \u2013 auch Ihnen. Deshalb k\u00f6nnen auch Sie mit seiner Kraft und Liebe und zu seiner Ehre anders auf Besch\u00e4mung reagieren.<\/p>\n\n\n\n<p><strong>Christen haben wunderbare M\u00f6glichkeiten<\/strong><strong><\/strong><\/p>\n\n\n\n<p>Waltraud Fie\u00df bekannte, dass sie sehr gern Christin und auch sehr gern katholisch ist. Sie nannte die Sakramente, in denen sie sich Gott besonders nah f\u00fchlt:<\/p>\n\n\n\n<ul class=\"wp-block-list\"><li>in der Eucharistie, wo sie Wunden, Schuld und Scham auf den Altar legen und um Wandlung bitten darf.<\/li><li>in einem Beichtgespr\u00e4ch, bei dem sie ausspricht, was sie bedr\u00fcckt und neue Orientierung und Freude bekommt.<\/li><\/ul>\n\n\n\n<p>Dar\u00fcber hinaus hilft die Kirche durch ausgebildete Geistliche Begleiter einzelner Menschen, Mut, St\u00e4rke und einen neuen Weg f\u00fcr sich zu finden. Ein Gebetskreis kann eine Heilungszelle sein, wo Christen f\u00fcreinander beten.<\/p>\n\n\n\n<p>Gott nimmt jeden Menschen an. Bei ihm darf jeder so sein wie er ist und mit seiner Hilfe einen Weg der Heilung beschreiten. Wir m\u00fcssen unsere vom Sch\u00f6pfer der Welt verliehene W\u00fcrde nicht wegwerfen, weil uns andere Menschen besch\u00e4men oder klein machen. Wir d\u00fcrfen barmherzig und vergebungsbereit mit uns selbst, unseren N\u00e4chsten und auch mit Gott sein. Aus der Liebe zu diesem Gott w\u00e4chst unsere Selbst- und N\u00e4chstenliebe und es reift ein gesundes Selbstwertgef\u00fchl.<\/p>\n\n\n\n<p><strong>Waltraud Fie\u00df,<\/strong> Jahrgang 1953, geh\u00f6rt zum Leitungsteam der Charismatischen Erneuerung Mittelbaden. Sie ist verheiratet, hat zwei erwachsene S\u00f6hne und vier Enkel. Seit 2003 ber\u00e4t sie als Logotherapeutin in ihrer eigenen Praxis in Oberkirch Menschen in Lebenskrisen. Sie ist Gr\u00fcnderin eines Gebetskreises und geistliche Begleiterin. Seit f\u00fcnf Jahren betreut sie ehrenamtlich H\u00e4ftlinge in der Justizvollzugsanstalt Offenburg.<\/p>\n\n\n\n<p>Ihren rund 50-min\u00fctigen Vortrag zu \u201eSchuld und Scham\u201d gibt es zum Nachlesen und zum Nachh\u00f6ren. Wer das Manuskript oder die CD m\u00f6chte, darf gerne schreiben an cemittelbaden@erneuerung.de.<\/p>\n\n\n\n<p><strong>Die CE Mittelbaden<\/strong> veranstaltet zehnmal pro Jahr, immer am letzten Montag im Monat, einen Begegnungsabend mit Lobpreismusik und christlichem Impuls. Alle interessierten Christen k\u00f6nnen die Gelegenheit wahrnehmen, sich dabei im Glauben st\u00e4rken zu lassen.<\/p>\n\n\n\n<p><\/p>\n","protected":false},"excerpt":{"rendered":"<p>Zinsammenfassung des Themas des Begegnungsabend mit Waltraud Fie\u00df Schuld und Scham \u2013 zwei starke Gef\u00fchle Vom schmerzhaftesten Gef\u00fchl \u00fcberhaupt, der&#8230;<\/p>\n","protected":false},"author":471,"featured_media":1042,"comment_status":"closed","ping_status":"closed","sticky":false,"template":"","format":"standard","meta":{"footnotes":""},"categories":[1],"tags":[],"class_list":{"0":"post-1048","1":"post","2":"type-post","3":"status-publish","4":"format-standard","5":"has-post-thumbnail","7":"category-allgemein"},"post_mailing_queue_ids":[],"menu_order":0,"_links":{"self":[{"href":"https:\/\/www.erneuerung.de\/freiburg\/wp-json\/wp\/v2\/posts\/1048","targetHints":{"allow":["GET"]}}],"collection":[{"href":"https:\/\/www.erneuerung.de\/freiburg\/wp-json\/wp\/v2\/posts"}],"about":[{"href":"https:\/\/www.erneuerung.de\/freiburg\/wp-json\/wp\/v2\/types\/post"}],"author":[{"embeddable":true,"href":"https:\/\/www.erneuerung.de\/freiburg\/wp-json\/wp\/v2\/users\/471"}],"replies":[{"embeddable":true,"href":"https:\/\/www.erneuerung.de\/freiburg\/wp-json\/wp\/v2\/comments?post=1048"}],"version-history":[{"count":2,"href":"https:\/\/www.erneuerung.de\/freiburg\/wp-json\/wp\/v2\/posts\/1048\/revisions"}],"predecessor-version":[{"id":1066,"href":"https:\/\/www.erneuerung.de\/freiburg\/wp-json\/wp\/v2\/posts\/1048\/revisions\/1066"}],"wp:featuredmedia":[{"embeddable":true,"href":"https:\/\/www.erneuerung.de\/freiburg\/wp-json\/wp\/v2\/media\/1042"}],"wp:attachment":[{"href":"https:\/\/www.erneuerung.de\/freiburg\/wp-json\/wp\/v2\/media?parent=1048"}],"wp:term":[{"taxonomy":"category","embeddable":true,"href":"https:\/\/www.erneuerung.de\/freiburg\/wp-json\/wp\/v2\/categories?post=1048"},{"taxonomy":"post_tag","embeddable":true,"href":"https:\/\/www.erneuerung.de\/freiburg\/wp-json\/wp\/v2\/tags?post=1048"}],"curies":[{"name":"wp","href":"https:\/\/api.w.org\/{rel}","templated":true}]}}