{"id":1139,"date":"2020-10-10T11:23:43","date_gmt":"2020-10-10T09:23:43","guid":{"rendered":"https:\/\/www.erneuerung.de\/aachen\/?p=1139"},"modified":"2020-10-10T11:31:36","modified_gmt":"2020-10-10T09:31:36","slug":"rueckblick-bistumstag-der-charismatischen-erneuerung-vom-20-09-2020-in-suesterseel-mit-pastor-peter-meyer","status":"publish","type":"post","link":"https:\/\/www.erneuerung.de\/aachen\/2020\/10\/10\/rueckblick-bistumstag-der-charismatischen-erneuerung-vom-20-09-2020-in-suesterseel-mit-pastor-peter-meyer\/","title":{"rendered":"R\u00fcckblick Bistumstag der Charismatischen Erneuerung vom 20.09.2020 in S\u00fcsterseel mit Pastor Peter Meyer"},"content":{"rendered":"\n<p class=\"has-text-color has-text-align-center has-large-font-size has-vivid-cyan-blue-color\"><strong>R\u00fcckblick auf den&nbsp;<br>Bistumstag<\/strong><\/p>\n\n\n\n<p class=\"has-text-color has-text-align-center has-large-font-size has-vivid-red-color\">der Charismatischen Erneuerung&nbsp;<\/p>\n\n\n\n<p class=\"has-text-color has-text-align-center has-medium-font-size has-vivid-cyan-blue-color\">am 20. September 2020 in S\u00fcsterseel<\/p>\n\n\n\n<p class=\"has-text-color has-text-align-center has-large-font-size has-vivid-red-color\">mit Pfarrer Peter Meyer<\/p>\n\n\n\n<p class=\"has-text-align-center\">&#8212;&#8212;&#8211;<\/p>\n\n\n\n<p class=\"has-text-color has-text-align-center has-vivid-purple-color\">Lebens\u00fcbergabe&nbsp;<\/p>\n\n\n\n<p class=\"has-text-color has-text-align-center has-vivid-purple-color\">als Antwort auf seinen Ruf<\/p>\n\n\n\n<p><em>von Ursula Eichhoff<\/em><\/p>\n\n\n\n<p>Es ist schon fast ein \u201eGefl\u00fcgeltes Wort\u201c: \u201eWegen Corona f\u00e4llt alles aus\u201c. Oder \u201eMit Corona ist alles anders\u201c. Beides stimmt, irgendwie, und auch wieder nicht\u2026<\/p>\n\n\n\n<p>Wir vom CE-Leitungsteam wollten beides nicht: Ausfallen lassen kam nicht in frage, und in \u201eabgespeckter Form\u201c musste ja nun auch nicht unbedingt sein.&nbsp;<\/p>\n\n\n\n<p>Angespornt durch den Psalm 29:<\/p>\n\n\n\n<p>\u201eBringt dar dem HERRN Ehre und Macht!\u201c<\/p>\n\n\n\n<p>lie\u00dfen wir uns von Corona nicht abschrecken, beachteten allerdings die Hygienema\u00dfnahmen sehr sorgf\u00e4ltig. Denn krank werden sollte niemand!&nbsp;&nbsp;<\/p>\n\n\n\n<p>Mit viel Eifer bereiteten wir den Bistumstag vor, freuten uns \u00fcber die spontane Zusage von Pfarrer Peter Meyer, und die Anmeldungen von \u00fcber 50 Personen. Schlie\u00dflich konnte alles per Live\u00fcbertragung auch von zu Hause aus mit verfolgt werden.\u00a0<\/p>\n\n\n\n<figure class=\"wp-block-image size-large\"><img width=\"1024\" height=\"576\" src=\"https:\/\/www.erneuerung.de\/aachen\/wp-content\/uploads\/sites\/4\/2020\/10\/Bild-04-1024x576.jpg\" alt=\"\" class=\"wp-image-1144\" srcset=\"https:\/\/www.erneuerung.de\/aachen\/wp-content\/uploads\/sites\/4\/2020\/10\/Bild-04-1024x576.jpg 1024w, https:\/\/www.erneuerung.de\/aachen\/wp-content\/uploads\/sites\/4\/2020\/10\/Bild-04-300x169.jpg 300w, https:\/\/www.erneuerung.de\/aachen\/wp-content\/uploads\/sites\/4\/2020\/10\/Bild-04-768x432.jpg 768w, https:\/\/www.erneuerung.de\/aachen\/wp-content\/uploads\/sites\/4\/2020\/10\/Bild-04-1536x864.jpg 1536w, https:\/\/www.erneuerung.de\/aachen\/wp-content\/uploads\/sites\/4\/2020\/10\/Bild-04-600x338.jpg 600w, https:\/\/www.erneuerung.de\/aachen\/wp-content\/uploads\/sites\/4\/2020\/10\/Bild-04.jpg 1920w\" sizes=\"(max-width: 1024px) 100vw, 1024px\" \/><\/figure>\n\n\n\n<p>Die Life-Teen-Band spielte zu Beginn wieder Lobpreislieder, \u00f6ffnete unsere Herzen und unsere Seelen f\u00fcr Gott, f\u00fcr Jesus und f\u00fcr den Heiligen Geist und leitete den Barmherzigkeitsrosenkranz.<\/p>\n\n\n\n<p>Der Vortrag von Pfarrer Peter Meyer bereitete uns auf die Lebens\u00fcbergabe vor, die den Abschluss nach der Hl. Messe bilden sollte.<\/p>\n\n\n\n<figure class=\"wp-block-image size-large\"><img width=\"1024\" height=\"576\" src=\"https:\/\/www.erneuerung.de\/aachen\/wp-content\/uploads\/sites\/4\/2020\/10\/Bild-05-1024x576.jpg\" alt=\"\" class=\"wp-image-1145\" srcset=\"https:\/\/www.erneuerung.de\/aachen\/wp-content\/uploads\/sites\/4\/2020\/10\/Bild-05-1024x576.jpg 1024w, https:\/\/www.erneuerung.de\/aachen\/wp-content\/uploads\/sites\/4\/2020\/10\/Bild-05-300x169.jpg 300w, https:\/\/www.erneuerung.de\/aachen\/wp-content\/uploads\/sites\/4\/2020\/10\/Bild-05-768x432.jpg 768w, https:\/\/www.erneuerung.de\/aachen\/wp-content\/uploads\/sites\/4\/2020\/10\/Bild-05-1536x864.jpg 1536w, https:\/\/www.erneuerung.de\/aachen\/wp-content\/uploads\/sites\/4\/2020\/10\/Bild-05-600x338.jpg 600w, https:\/\/www.erneuerung.de\/aachen\/wp-content\/uploads\/sites\/4\/2020\/10\/Bild-05.jpg 1920w\" sizes=\"(max-width: 1024px) 100vw, 1024px\" \/><\/figure>\n\n\n\n<p>Die erste gro\u00dfe Frage, die Pfr. Meyer stellte, beantworte jeder f\u00fcr sich selbst: Welche Rolle spielt Jesus in meinem Leben? Eine wesentliche Frage, denn erst, wenn wir eine Antwort gefunden haben, k\u00f6nnen wir auch Jesus als unseren Retter und Herrn annehmen. Wichtig bei der ganzen Beziehung zu Jesus, ist die Bereitschaft zur Umkehr, unser Leben ganz auf Jesus hin auszurichten.<\/p>\n\n\n\n<p>Nehmen wir Ijob als Vorbild, er hat alles verloren, sein Gut, seine Familie, sogar letztlich seine Gesundheit. Er hat aber nie aufgeh\u00f6rt, Gott zu loben und zu preisen: \u201eDer HERR hat gegeben, der HERR hat genommen; gelobt sei der Name des HERRN\u201c. (Ijob 1,21).&nbsp;<\/p>\n\n\n\n<p><strong>\u201eIch vertraue dir, Gott, dass du einen Weg f\u00fcr mich hast.\u201c<\/strong><\/p>\n\n\n\n<p>Vertrauen ist Voraussetzung f\u00fcr eine Lebens\u00fcbergabe. Diese soll gut vorbereitet und \u00fcberlegt sein. Pfarrer Meyer erl\u00e4uterte, dass die Taufe selbst sowie die Erneuerung der Taufe schon eine Lebens\u00fcbergabe ist.<\/p>\n\n\n\n<p>Dann folgten einige \u201ealltagstaugliche\u201c Tipps von Pfarrer Meyer, die uns staunen lie\u00dfen. Da sind banale aber auch wichtige Situationen, bei denen wir Jesus unser Leben \u00fcbergeben k\u00f6nnen, z.B. bei jeder Autofahrt, im Fitnesszentrum, im B\u00fcro, in unseren Gedanken, wenn wir allein sind, usw. Dass wir unsere Versprechen nicht immer einl\u00f6sen k\u00f6nnen, das wei\u00df ER, hindert aber nicht daran, uns ihm zu 100 % zu geben.<\/p>\n\n\n\n<p>Pfarrer Meyer zitierte folgende Bibelstellen:<\/p>\n\n\n\n<p>Lukas 22,31: Simon, Simon, siehe der Teufel hat verlangt, dass er euch wie Weizen sieben darf. Ich aber habe f\u00fcr dich gebetet, dass dein Glaube nicht erlischt.<\/p>\n\n\n\n<p>Johannes 6,65: Jesus sagt: Niemand kann zu mir kommen, wenn es ihm nicht vom Vater gegeben ist.<\/p>\n\n\n\n<p>Die Wichtigkeit, uns ganz auf Jesus auszurichten, zeigte Pfarrer Meyer uns ganz klar. Die Welt steht an einem gro\u00dfen Wendepunkt, und wir erleben allgemein eine Hilflosigkeit angesichts dessen, dass nur noch 2 % der Christen zur Kirche gehen. Wen machte das nicht betroffen?<\/p>\n\n\n\n<p>Aber gerade jetzt hilft eine Lebens\u00fcbergabe! Damit geben wir Christus das Recht, \u00fcber unser Leben zu entscheiden.<\/p>\n\n\n\n<p><strong>Jesus, ich geh\u00f6re dir und nicht meinen Sorgen.<\/strong><\/p>\n\n\n\n<p><strong>Ich geh\u00f6re dir und niemand sonst.<\/strong><\/p>\n\n\n\n<p>Dies sollten wir uns immer sagen. Indem wir Jesus die Sorgen hinhalten, wird er uns helfen, sie zu bew\u00e4ltigen.<\/p>\n\n\n\n<p>Die Predigt in der Hl. Messe war wieder mitrei\u00dfend. Gott entscheidet nicht unbedingt nach unseren W\u00fcnschen, doch sind unsere Gebete trotzdem fruchtbar. Nur halten wir uns sein Wort vor Augen:<\/p>\n\n\n\n<p><strong>\u201eMeine Gedanken sind nicht eure Gedanken und eure Wege sind nicht meine Wege.\u201c&nbsp;<\/strong>(Jes 55,8)<\/p>\n\n\n\n<p>Gott ist die Liebe, diese Liebe zeigt sich in der Hingabe Jesu am Kreuz. Wohlwissend von der Liebe Gottes zu jedem einzelnen von uns Menschen, sollten wir immer wieder unser Vertrauen zu Gott erneuern \u2026. mit der Lebens\u00fcbergabe!<\/p>\n\n\n\n<p>Pfarrer Meyer zeigte uns auf, dass wir uns als \u201eChristusbringer\u201c f\u00fchlen d\u00fcrfen.<\/p>\n\n\n\n<p>Herr, ich geh\u00f6re dir!<\/p>\n\n\n\n<p>Und am Ende der Hl. Messe durften alle Gl\u00e4ubigen vor dem Altar die Lebenshingabe sprechen. Besiegelt wurde unser Versprechen mit dem Einzelsegen.\u00a0<\/p>\n\n\n\n<figure class=\"wp-block-image size-large\"><img width=\"1024\" height=\"576\" src=\"https:\/\/www.erneuerung.de\/aachen\/wp-content\/uploads\/sites\/4\/2020\/10\/Bild-01-1024x576.jpg\" alt=\"\" class=\"wp-image-1141\" srcset=\"https:\/\/www.erneuerung.de\/aachen\/wp-content\/uploads\/sites\/4\/2020\/10\/Bild-01-1024x576.jpg 1024w, https:\/\/www.erneuerung.de\/aachen\/wp-content\/uploads\/sites\/4\/2020\/10\/Bild-01-300x169.jpg 300w, https:\/\/www.erneuerung.de\/aachen\/wp-content\/uploads\/sites\/4\/2020\/10\/Bild-01-768x432.jpg 768w, https:\/\/www.erneuerung.de\/aachen\/wp-content\/uploads\/sites\/4\/2020\/10\/Bild-01-1536x864.jpg 1536w, https:\/\/www.erneuerung.de\/aachen\/wp-content\/uploads\/sites\/4\/2020\/10\/Bild-01-600x338.jpg 600w, https:\/\/www.erneuerung.de\/aachen\/wp-content\/uploads\/sites\/4\/2020\/10\/Bild-01.jpg 1920w\" sizes=\"(max-width: 1024px) 100vw, 1024px\" \/><\/figure>\n\n\n\n<p>Beseelt von den geisterf\u00fcllten Stunden fuhren wir anschlie\u00dfend alle nach Hause, froh und gl\u00fccklich, dass wir Seinem Ruf&nbsp;&nbsp;Antwort gegeben haben.<\/p>\n","protected":false},"excerpt":{"rendered":"<p>R\u00fcckblick auf den&nbsp;Bistumstag der Charismatischen Erneuerung&nbsp; am 20. September 2020 in S\u00fcsterseel mit Pfarrer Peter Meyer &#8212;&#8212;&#8211; Lebens\u00fcbergabe&nbsp; als Antwort&#8230;<\/p>\n","protected":false},"author":493,"featured_media":1140,"comment_status":"closed","ping_status":"closed","sticky":false,"template":"","format":"standard","meta":{"footnotes":""},"categories":[21],"tags":[],"class_list":{"0":"post-1139","1":"post","2":"type-post","3":"status-publish","4":"format-standard","5":"has-post-thumbnail","7":"category-bistumstag"},"post_mailing_queue_ids":[],"menu_order":0,"_links":{"self":[{"href":"https:\/\/www.erneuerung.de\/aachen\/wp-json\/wp\/v2\/posts\/1139","targetHints":{"allow":["GET"]}}],"collection":[{"href":"https:\/\/www.erneuerung.de\/aachen\/wp-json\/wp\/v2\/posts"}],"about":[{"href":"https:\/\/www.erneuerung.de\/aachen\/wp-json\/wp\/v2\/types\/post"}],"author":[{"embeddable":true,"href":"https:\/\/www.erneuerung.de\/aachen\/wp-json\/wp\/v2\/users\/493"}],"replies":[{"embeddable":true,"href":"https:\/\/www.erneuerung.de\/aachen\/wp-json\/wp\/v2\/comments?post=1139"}],"version-history":[{"count":2,"href":"https:\/\/www.erneuerung.de\/aachen\/wp-json\/wp\/v2\/posts\/1139\/revisions"}],"predecessor-version":[{"id":1149,"href":"https:\/\/www.erneuerung.de\/aachen\/wp-json\/wp\/v2\/posts\/1139\/revisions\/1149"}],"wp:featuredmedia":[{"embeddable":true,"href":"https:\/\/www.erneuerung.de\/aachen\/wp-json\/wp\/v2\/media\/1140"}],"wp:attachment":[{"href":"https:\/\/www.erneuerung.de\/aachen\/wp-json\/wp\/v2\/media?parent=1139"}],"wp:term":[{"taxonomy":"category","embeddable":true,"href":"https:\/\/www.erneuerung.de\/aachen\/wp-json\/wp\/v2\/categories?post=1139"},{"taxonomy":"post_tag","embeddable":true,"href":"https:\/\/www.erneuerung.de\/aachen\/wp-json\/wp\/v2\/tags?post=1139"}],"curies":[{"name":"wp","href":"https:\/\/api.w.org\/{rel}","templated":true}]}}